{"id":14690,"date":"2020-03-04T01:06:10","date_gmt":"2020-03-03T21:06:10","guid":{"rendered":"https:\/\/www.hakimiyyet.com\/?p=14690"},"modified":"2020-03-04T01:06:10","modified_gmt":"2020-03-03T21:06:10","slug":"leyla-abdullayeva-erm%c9%99nistan-ozunu-gulunc-v%c9%99ziyy%c9%99t%c9%99-qoyur","status":"publish","type":"post","link":"https:\/\/hakimiyyet.info.az\/?p=14690","title":{"rendered":"Leyla Abdullayeva: Erm\u0259nistan \u00f6z\u00fcn\u00fc g\u00fcl\u00fcnc v\u0259ziyy\u0259t\u0259 qoyur"},"content":{"rendered":"<p><strong>Az\u0259rbaycan Xarici \u0130\u015fl\u0259r Nazirliyinin M\u0259tbuat Xidm\u0259tinin r\u0259hb\u0259ri Leyla Abdullayeva T\u00fcrkiy\u0259nin Xarici \u0130\u015fl\u0259r naziri M\u00f6vlud \u00c7avu\u015fo\u011flunun Ankarada AT\u018fT-in Minsk qrupunun h\u0259ms\u0259drl\u0259ri il\u0259 g\u00f6r\u00fc\u015f\u00fcn\u0259 dair Erm\u0259nistan X\u0130N-in m\u00f6vqeyini \u015f\u0259rh edib.<\/strong><\/p>\n<p><span class=\"red\"><a href=\"http:\/\/teleqraf.com\/\" target=\"_blank\" rel=\"noopener noreferrer\">Hakimiyyet.com<\/a><\/span> -un bildirdiyin\u0259 g\u00f6r\u0259 L.Abdullayeva deyib ki, \u0259slind\u0259, bel\u0259 bir absurd m\u00f6vqeyi il\u0259 Erm\u0259nistan t\u0259r\u0259fi \u00f6z\u00fcn\u00fc kifay\u0259t q\u0259d\u0259r g\u00fcl\u00fcnc v\u0259ziyy\u0259t\u0259 qoyur. G\u00f6r\u00fcnd\u00fcy\u00fc kimi, b\u00f6lg\u0259mizd\u0259 v\u0259 onun \u0259traf\u0131nda ba\u015f ver\u0259n v\u0259 s\u00fcr\u0259tl\u0259 c\u0259r\u0259yan ed\u0259n hadis\u0259l\u0259r ya onlar\u0131n g\u00f6rm\u0259 qabiliyy\u0259tind\u0259n v\u0259 t\u0259hlil sah\u0259sind\u0259n k\u0259narda qal\u0131r, ya da emosiyalar yenid\u0259n \u00fcst\u00fcnl\u00fck t\u0259\u015fkil edir:<\/p>\n<p>&#8220;Bel\u0259 ki, d\u00fcnyada v\u0259 x\u00fcsusil\u0259 d\u0259 b\u00f6lg\u0259d\u0259 ba\u015f ver\u0259n hadis\u0259l\u0259rin d\u0259qiq v\u0259 m\u00fcf\u0259ss\u0259l t\u0259hlili erm\u0259ni t\u0259r\u0259finin qon\u015fu \u00f6lk\u0259l\u0259rl\u0259 m\u00fcnasib\u0259tl\u0259rind\u0259 konstruktiv yana\u015fmas\u0131na k\u00f6m\u0259k ed\u0259 bil\u0259rdi. T\u00fcrkiy\u0259 b\u00f6lg\u0259d\u0259ki b\u00fct\u00fcn layih\u0259 v\u0259 prosesl\u0259rin f\u0259al i\u015ftirak\u00e7\u0131s\u0131d\u0131r v\u0259 Erm\u0259nistanla Az\u0259rbaycan aras\u0131ndak\u0131 m\u00fcnaqi\u015f\u0259nin tezlikl\u0259 h\u0259llind\u0259 maraql\u0131d\u0131r. T\u00fcrkiy\u0259 AT\u018fT-in Minsk Qrupu yarand\u0131\u011f\u0131 ilk g\u00fcnd\u0259n onun daimi \u00fczv\u00fcd\u00fcr v\u0259 h\u0259r zaman onun i\u015find\u0259, el\u0259c\u0259 d\u0259 AT\u018fT-in Minsk Qrupu h\u0259ms\u0259drl\u0259ri il\u0259 m\u0259sl\u0259h\u0259tl\u0259\u015fm\u0259l\u0259rd\u0259 f\u0259al i\u015ftirak edib. Emosiyalar\u0131 y\u00fcks\u0259k olsa bel\u0259, Erm\u0259nistan t\u0259r\u0259finin T\u00fcrkiy\u0259nin y\u00fcks\u0259k s\u0259viyy\u0259li n\u00fcmay\u0259nd\u0259l\u0259rinin AT\u018fT-in Minsk Qrupu h\u0259ms\u0259drl\u0259ri il\u0259 g\u00f6r\u00fc\u015f\u00fcn\u00fcn qiym\u0259tl\u0259ndirilm\u0259sind\u0259 n\u0259d\u0259n t\u0259hrif\u0259 yol verdiyi ayd\u0131n deyil&#8221;.<\/p>\n<p>Qeyd ed\u0259k ki, mart\u0131n 2-d\u0259 T\u00fcrkiy\u0259nin xarici i\u015fl\u0259r naziri M\u00f6vlud \u00c7avu\u015fo\u011flu AT\u018fT-in Minsk Qrupunun h\u0259ms\u0259drl\u0259ri il\u0259 g\u00f6r\u00fc\u015f\u00fcb v\u0259 onlar\u0131 Qaraba\u011f m\u00fcnaqi\u015f\u0259sinin nizamlanmas\u0131 m\u0259s\u0259l\u0259sind\u0259 daha f\u0259al olma\u011fa \u00e7a\u011f\u0131r\u0131b.<\/p>\n","protected":false},"excerpt":{"rendered":"<p>Az\u0259rbaycan Xarici \u0130\u015fl\u0259r Nazirliyinin M\u0259tbuat Xidm\u0259tinin r\u0259hb\u0259ri Leyla Abdullayeva T\u00fcrkiy\u0259nin Xarici \u0130\u015fl\u0259r naziri M\u00f6vlud \u00c7avu\u015fo\u011flunun Ankarada AT\u018fT-in Minsk qrupunun h\u0259ms\u0259drl\u0259ri&hellip;<\/p>\n","protected":false},"author":2,"featured_media":0,"comment_status":"closed","ping_status":"closed","sticky":false,"template":"","format":"standard","meta":{"om_disable_all_campaigns":false,"_monsterinsights_skip_tracking":false,"_uf_show_specific_survey":0,"_uf_disable_surveys":false,"footnotes":""},"categories":[23,7],"tags":[],"aioseo_notices":[],"_links":{"self":[{"href":"https:\/\/hakimiyyet.info.az\/index.php?rest_route=\/wp\/v2\/posts\/14690"}],"collection":[{"href":"https:\/\/hakimiyyet.info.az\/index.php?rest_route=\/wp\/v2\/posts"}],"about":[{"href":"https:\/\/hakimiyyet.info.az\/index.php?rest_route=\/wp\/v2\/types\/post"}],"author":[{"embeddable":true,"href":"https:\/\/hakimiyyet.info.az\/index.php?rest_route=\/wp\/v2\/users\/2"}],"replies":[{"embeddable":true,"href":"https:\/\/hakimiyyet.info.az\/index.php?rest_route=%2Fwp%2Fv2%2Fcomments&post=14690"}],"version-history":[{"count":1,"href":"https:\/\/hakimiyyet.info.az\/index.php?rest_route=\/wp\/v2\/posts\/14690\/revisions"}],"predecessor-version":[{"id":14691,"href":"https:\/\/hakimiyyet.info.az\/index.php?rest_route=\/wp\/v2\/posts\/14690\/revisions\/14691"}],"wp:attachment":[{"href":"https:\/\/hakimiyyet.info.az\/index.php?rest_route=%2Fwp%2Fv2%2Fmedia&parent=14690"}],"wp:term":[{"taxonomy":"category","embeddable":true,"href":"https:\/\/hakimiyyet.info.az\/index.php?rest_route=%2Fwp%2Fv2%2Fcategories&post=14690"},{"taxonomy":"post_tag","embeddable":true,"href":"https:\/\/hakimiyyet.info.az\/index.php?rest_route=%2Fwp%2Fv2%2Ftags&post=14690"}],"curies":[{"name":"wp","href":"https:\/\/api.w.org\/{rel}","templated":true}]}}