{"id":14789,"date":"2020-03-06T11:58:13","date_gmt":"2020-03-06T07:58:13","guid":{"rendered":"https:\/\/www.hakimiyyet.com\/?p=14789"},"modified":"2020-03-06T11:58:13","modified_gmt":"2020-03-06T07:58:13","slug":"belarus-socar-dan-dig%c9%99r-istehsalcilarin-neftini-d%c9%99-alacaq","status":"publish","type":"post","link":"https:\/\/hakimiyyet.info.az\/?p=14789","title":{"rendered":"Belarus SOCAR-dan dig\u0259r istehsal\u00e7\u0131lar\u0131n neftini d\u0259 alacaq"},"content":{"rendered":"<p style=\"font-weight: 400;\"><span style=\"font-style: inherit; font-weight: inherit;\">SOCAR Belarusa Az\u0259rbaycan nefti il\u0259 yana\u015f\u0131 \u00fc\u00e7\u00fcnc\u00fc \u00f6lk\u0259l\u0259rin neftini d\u0259 \u00e7atd\u0131ra bil\u0259r.<\/span><\/p>\n<p style=\"font-weight: 400;\"><span style=\"font-style: inherit; font-weight: inherit;\">Bunu &#8220;<a href=\"https:\/\/apa.az\/\">APA<\/a>-Economics&#8221;\u0259 SOCAR-\u0131n \u0130ctimaiyy\u0259tl\u0259 \u0259laq\u0259l\u0259r v\u0259 t\u0259dbirl\u0259rin t\u0259\u015fkili idar\u0259sinin r\u0259is m\u00fcavini \u0130brahim \u018fhm\u0259dov deyib.<\/span><\/p>\n<p style=\"font-weight: 400;\"><span style=\"font-style: inherit; font-weight: inherit;\">&#8220;\u0130nterfaks&#8221;\u0131n m\u0259lumat\u0131na g\u00f6r\u0259, mart ay\u0131nda SOCAR Belarusa 3 partiya neft \u00e7atd\u0131racaq. Neftin \u00e7atd\u0131r\u0131lmas\u0131 &#8220;SOCAR Trading&#8221; \u015firk\u0259ti (SOCAR-\u0131n ticari t\u00f6r\u0259m\u0259si) il\u0259 raz\u0131la\u015fma \u0259sas\u0131nda apar\u0131lacaq.<\/span><\/p>\n<p style=\"font-weight: 400;\"><span style=\"font-style: inherit; font-weight: inherit;\">\u0130. \u018fhm\u0259dovun s\u00f6zl\u0259rin\u0259 g\u00f6r\u0259, burada s\u00f6hb\u0259t b\u00fct\u00f6vl\u00fckl\u0259 SOCAR t\u0259r\u0259find\u0259n Belarusa neft t\u0259dar\u00fck\u00fc haqq\u0131nda gedir.<\/span><\/p>\n<p style=\"font-weight: 400;\"><span style=\"font-style: inherit; font-weight: inherit;\">Qeyd ed\u0259k ki, SOCAR il\u0259 &#8220;Belneftexim&#8221; konserni aras\u0131nda \u0259ld\u0259 edil\u0259n raz\u0131l\u0131\u011fa \u0259sas\u0259n bu ay D\u00f6vl\u0259t Neft \u015eirk\u0259ti Belarusa iki partiya Az\u0259rbaycan nefti g\u00f6nd\u0259rm\u0259lidir. Birinci partiya (90 min ton h\u0259cmind\u0259) art\u0131q T\u00fcrkiy\u0259nin Ceyhan liman\u0131nda yola sal\u0131n\u0131b. \u0130kinci partiya (85 min ton) mart\u0131n 20-\u0259 G\u00fcrc\u00fcstan\u0131n Supsa liman\u0131ndan g\u00f6nd\u0259ril\u0259c\u0259k.<\/span><\/p>\n<p style=\"font-weight: 400;\"><span style=\"font-style: inherit; font-weight: inherit;\">&#8220;Biz t\u0259kc\u0259 Az\u0259rbaycan neftini \u00e7atd\u0131rm\u0131r\u0131q. \u00d6nc\u0259 m\u0259n m\u0259hz Az\u0259rbaycan neftinin \u00e7atd\u0131r\u0131lmas\u0131ndan b\u0259hs etmi\u015f\u0259m v\u0259 bu ay \u00fc\u00e7\u00fcn bu istiqam\u0259t \u00fczr\u0259 iki partiya olacaq. Prinsipc\u0259, g\u0259l\u0259c\u0259kd\u0259 n\u00f6vb\u0259ti partiyalar da olacaq, onlar\u0131n s\u0131ras\u0131nda Az\u0259rbaycan nefti il\u0259 yana\u015f\u0131 ba\u015fqa istehsal\u00e7\u0131lar\u0131n nefti d\u0259 ola bil\u0259r. Onu dey\u0259 bil\u0259r\u0259m ki, Belarus t\u0259r\u0259fi vaxta\u015f\u0131r\u0131 bizd\u0259n h\u0259m Az\u0259rbaycan, h\u0259m d\u0259 dig\u0259r istehsal\u00e7\u0131lar\u0131n neftini alacaq&#8221;, &#8211; dey\u0259, \u0130. \u018fhm\u0259dov qeyd edib.<\/span><\/p>\n<p style=\"font-weight: 400;\"><span style=\"font-style: inherit; font-weight: inherit;\">O h\u0259m\u00e7inin bildirib ki, haz\u0131rda Belarusa SOCAR t\u0259r\u0259find\u0259n Az\u0259rbaycan neftinin uzunm\u00fcdd\u0259tli t\u0259dar\u00fck\u00fc il\u0259 ba\u011fl\u0131 m\u0259s\u0259l\u0259y\u0259 bax\u0131l\u0131r.<\/span><\/p>\n","protected":false},"excerpt":{"rendered":"<p>SOCAR Belarusa Az\u0259rbaycan nefti il\u0259 yana\u015f\u0131 \u00fc\u00e7\u00fcnc\u00fc \u00f6lk\u0259l\u0259rin neftini d\u0259 \u00e7atd\u0131ra bil\u0259r. Bunu &#8220;APA-Economics&#8221;\u0259 SOCAR-\u0131n \u0130ctimaiyy\u0259tl\u0259 \u0259laq\u0259l\u0259r v\u0259 t\u0259dbirl\u0259rin t\u0259\u015fkili&hellip;<\/p>\n","protected":false},"author":1,"featured_media":0,"comment_status":"closed","ping_status":"closed","sticky":false,"template":"","format":"standard","meta":{"om_disable_all_campaigns":false,"_monsterinsights_skip_tracking":false,"_uf_show_specific_survey":0,"_uf_disable_surveys":false,"footnotes":""},"categories":[6],"tags":[],"aioseo_notices":[],"_links":{"self":[{"href":"https:\/\/hakimiyyet.info.az\/index.php?rest_route=\/wp\/v2\/posts\/14789"}],"collection":[{"href":"https:\/\/hakimiyyet.info.az\/index.php?rest_route=\/wp\/v2\/posts"}],"about":[{"href":"https:\/\/hakimiyyet.info.az\/index.php?rest_route=\/wp\/v2\/types\/post"}],"author":[{"embeddable":true,"href":"https:\/\/hakimiyyet.info.az\/index.php?rest_route=\/wp\/v2\/users\/1"}],"replies":[{"embeddable":true,"href":"https:\/\/hakimiyyet.info.az\/index.php?rest_route=%2Fwp%2Fv2%2Fcomments&post=14789"}],"version-history":[{"count":1,"href":"https:\/\/hakimiyyet.info.az\/index.php?rest_route=\/wp\/v2\/posts\/14789\/revisions"}],"predecessor-version":[{"id":14790,"href":"https:\/\/hakimiyyet.info.az\/index.php?rest_route=\/wp\/v2\/posts\/14789\/revisions\/14790"}],"wp:attachment":[{"href":"https:\/\/hakimiyyet.info.az\/index.php?rest_route=%2Fwp%2Fv2%2Fmedia&parent=14789"}],"wp:term":[{"taxonomy":"category","embeddable":true,"href":"https:\/\/hakimiyyet.info.az\/index.php?rest_route=%2Fwp%2Fv2%2Fcategories&post=14789"},{"taxonomy":"post_tag","embeddable":true,"href":"https:\/\/hakimiyyet.info.az\/index.php?rest_route=%2Fwp%2Fv2%2Ftags&post=14789"}],"curies":[{"name":"wp","href":"https:\/\/api.w.org\/{rel}","templated":true}]}}