{"id":15274,"date":"2020-03-11T20:48:32","date_gmt":"2020-03-11T16:48:32","guid":{"rendered":"https:\/\/www.hakimiyyet.com\/?p=15274"},"modified":"2020-03-11T20:48:32","modified_gmt":"2020-03-11T16:48:32","slug":"prezident-ilham-%c9%99liyev-uzunlugu-min-kilometrl%c9%99rl%c9%99-olcul%c9%99n-yeni-n%c9%99qliyyat-d%c9%99hlizi-yaradacagiq","status":"publish","type":"post","link":"https:\/\/hakimiyyet.info.az\/?p=15274","title":{"rendered":"Prezident \u0130lham \u018fliyev: \u201cUzunlu\u011fu min kilometrl\u0259rl\u0259 \u00f6l\u00e7\u00fcl\u0259n yeni n\u0259qliyyat d\u0259hlizi yaradaca\u011f\u0131q\u201d"},"content":{"rendered":"<p>\u201c\u015eadam ki, iqtisadi-ticari sah\u0259d\u0259 i\u015fl\u0259r yax\u015f\u0131 gedir, \u0259mt\u0259\u0259 d\u00f6vriyy\u0259sinin art\u0131m\u0131nda yax\u015f\u0131 dinamika m\u00fc\u015fahid\u0259 olunur. Bu g\u00fcn biz n\u0259qliyyat-logistika sah\u0259si haqq\u0131nda \u0259trafl\u0131 s\u00f6hb\u0259t etdik, m\u00fcvafiq d\u00f6vl\u0259t strukturlar\u0131na bu istiqam\u0259td\u0259 i\u015fin intensivl\u0259\u015fdirilm\u0259sin\u0259, \u00f6lk\u0259l\u0259rimizin tranzit-n\u0259qliyyat potensial\u0131n\u0131n m\u00f6hk\u0259ml\u0259ndirilm\u0259sin\u0259 dair s\u0259yl\u0259rin \u0259laq\u0259l\u0259ndirilm\u0259si bar\u0259d\u0259 tap\u015f\u0131r\u0131qlar verdik\u201d.<\/p>\n<p><a href=\"https:\/\/apa.az\/\" target=\"_blank\" rel=\"noopener noreferrer\">APA<\/a>\u00a0x\u0259b\u0259r verir ki, bunu Prezident \u0130lham \u018fliyev T\u00fcrkm\u0259nistan Prezidenti Qurbanqulu Berdim\u0259h\u0259mm\u0259dovla g\u00f6r\u00fc\u015fd\u0259n sonra m\u0259tbuata b\u0259yanat\u0131nda bildirib.<\/p>\n<p>Az\u0259rbaycan Prezidenti deyib ki, h\u0259m T\u00fcrkm\u0259nistanda, h\u0259m d\u0259 Az\u0259rbaycanda n\u0259qliyyat infrastrukturuna \u00e7ox b\u00f6y\u00fck diqq\u0259t yetirildiyini n\u0259z\u0259r\u0259 alaraq, biz bu infrastrukturun modernl\u0259\u015fdirilm\u0259si yolunda praktiki olaraq paralel add\u0131mlay\u0131r\u0131q.<\/p>\n<div id=\"AdviadNativeVideo0\" class=\"AdviadNativeVideo\"><\/div>\n<p>\u201cBu g\u00fcn bizim \u0259sas limanlar\u0131m\u0131z \u0259laq\u0259l\u0259ndirilmi\u015f, uzla\u015fd\u0131r\u0131lm\u0131\u015f \u015f\u0259kild\u0259 i\u015fl\u0259yir v\u0259 \u0259razil\u0259rimizd\u0259n ke\u00e7\u0259n y\u00fckl\u0259ri art\u0131rma\u011fa imkan verir. Biz dig\u0259r \u00f6lk\u0259l\u0259r\u0259 d\u0259 \u00f6z tranzit potensial\u0131m\u0131z\u0131 t\u0259qdim edirik. Hesab edir\u0259m ki, bu g\u00fcn biz h\u0259min potensial\u0131n m\u00f6hk\u0259ml\u0259ndirilm\u0259si bar\u0259d\u0259 m\u00fch\u00fcm q\u0259rar q\u0259bul etmi\u015fik. \u0130nfrastruktur imkanlar\u0131n\u0131n t\u0259min edilm\u0259si v\u0259 y\u00fck ax\u0131n\u0131n\u0131n art\u0131r\u0131lmas\u0131na \u015f\u0259rait yarad\u0131lmas\u0131 \u00fc\u00e7\u00fcn \u0259lav\u0259 t\u0259dbirl\u0259r g\u00f6r\u00fcl\u0259c\u0259k. T\u0259bii ki, qon\u015fular\u0131m\u0131zla s\u0131x qar\u015f\u0131l\u0131ql\u0131 \u0259laq\u0259d\u0259 v\u0259 xo\u015f m\u00fcnasib\u0259tl\u0259rd\u0259 oldu\u011fumuza g\u00f6r\u0259 h\u0259min d\u00f6vl\u0259tl\u0259rd\u0259n daha \u00e7ox y\u00fckg\u00f6nd\u0259r\u0259nl\u0259ri c\u0259lb ed\u0259c\u0259yik v\u0259 mahiyy\u0259t etibaril\u0259 uzunlu\u011fu min kilometrl\u0259rl\u0259 \u00f6l\u00e7\u00fcl\u0259n yeni n\u0259qliyyat d\u0259hlizi yaradaca\u011f\u0131q. Bel\u0259likl\u0259, \u00f6lk\u0259l\u0259rimizin daha da inki\u015faf etm\u0259si \u00fc\u00e7\u00fcn \u0259lveri\u015fli \u015f\u0259rait yaradacaq, regional \u0259m\u0259kda\u015fl\u0131\u011f\u0131 m\u00f6hk\u0259ml\u0259ndir\u0259c\u0259yik.<\/p>\n<p>\u018flb\u0259tt\u0259, biz enerji sektoru il\u0259 ba\u011fl\u0131 m\u0259s\u0259l\u0259l\u0259r bar\u0259d\u0259 d\u0259 dan\u0131\u015fd\u0131q. Burada da yax\u015f\u0131 n\u0259tic\u0259l\u0259r var, \u00e7oxdan \u0259m\u0259kda\u015fl\u0131q edirik. Biz bu istiqam\u0259td\u0259 g\u0259l\u0259c\u0259k add\u0131mlar bar\u0259d\u0259 d\u0259 dan\u0131\u015fd\u0131q. Xalqlar\u0131m\u0131z\u0131n etnik yax\u0131nl\u0131\u011f\u0131, dill\u0259rimizin yax\u0131nl\u0131\u011f\u0131, ortaq m\u0259d\u0259niyy\u0259timiz n\u0259z\u0259r\u0259 al\u0131nmaqla, \u00f6lk\u0259l\u0259rimiz \u00fc\u00e7\u00fcn humanitar \u0259m\u0259kda\u015fl\u0131\u011f\u0131n vacibliyini qeyd etdik\u201d, &#8211; dey\u0259 Az\u0259rbaycan Prezidenti \u0259lav\u0259 edib.<\/p>\n","protected":false},"excerpt":{"rendered":"<p>\u201c\u015eadam ki, iqtisadi-ticari sah\u0259d\u0259 i\u015fl\u0259r yax\u015f\u0131 gedir, \u0259mt\u0259\u0259 d\u00f6vriyy\u0259sinin art\u0131m\u0131nda yax\u015f\u0131 dinamika m\u00fc\u015fahid\u0259 olunur. Bu g\u00fcn biz n\u0259qliyyat-logistika sah\u0259si haqq\u0131nda&hellip;<\/p>\n","protected":false},"author":1,"featured_media":0,"comment_status":"closed","ping_status":"closed","sticky":false,"template":"","format":"standard","meta":{"om_disable_all_campaigns":false,"_monsterinsights_skip_tracking":false,"_uf_show_specific_survey":0,"_uf_disable_surveys":false,"footnotes":""},"categories":[7,5],"tags":[],"aioseo_notices":[],"_links":{"self":[{"href":"https:\/\/hakimiyyet.info.az\/index.php?rest_route=\/wp\/v2\/posts\/15274"}],"collection":[{"href":"https:\/\/hakimiyyet.info.az\/index.php?rest_route=\/wp\/v2\/posts"}],"about":[{"href":"https:\/\/hakimiyyet.info.az\/index.php?rest_route=\/wp\/v2\/types\/post"}],"author":[{"embeddable":true,"href":"https:\/\/hakimiyyet.info.az\/index.php?rest_route=\/wp\/v2\/users\/1"}],"replies":[{"embeddable":true,"href":"https:\/\/hakimiyyet.info.az\/index.php?rest_route=%2Fwp%2Fv2%2Fcomments&post=15274"}],"version-history":[{"count":1,"href":"https:\/\/hakimiyyet.info.az\/index.php?rest_route=\/wp\/v2\/posts\/15274\/revisions"}],"predecessor-version":[{"id":15275,"href":"https:\/\/hakimiyyet.info.az\/index.php?rest_route=\/wp\/v2\/posts\/15274\/revisions\/15275"}],"wp:attachment":[{"href":"https:\/\/hakimiyyet.info.az\/index.php?rest_route=%2Fwp%2Fv2%2Fmedia&parent=15274"}],"wp:term":[{"taxonomy":"category","embeddable":true,"href":"https:\/\/hakimiyyet.info.az\/index.php?rest_route=%2Fwp%2Fv2%2Fcategories&post=15274"},{"taxonomy":"post_tag","embeddable":true,"href":"https:\/\/hakimiyyet.info.az\/index.php?rest_route=%2Fwp%2Fv2%2Ftags&post=15274"}],"curies":[{"name":"wp","href":"https:\/\/api.w.org\/{rel}","templated":true}]}}