{"id":15280,"date":"2020-03-11T21:59:08","date_gmt":"2020-03-11T17:59:08","guid":{"rendered":"https:\/\/www.hakimiyyet.com\/?p=15280"},"modified":"2020-03-11T21:59:56","modified_gmt":"2020-03-11T17:59:56","slug":"prezidentd%c9%99n-s%c9%99r%c9%99ncam","status":"publish","type":"post","link":"https:\/\/hakimiyyet.info.az\/?p=15280","title":{"rendered":"Prezidentd\u0259n S\u018fR\u018fNCAM"},"content":{"rendered":"<p><strong>Prezident \u0130lham \u018fliyevin s\u0259r\u0259ncam\u0131 il\u0259 Daxili \u0130\u015fl\u0259r Nazirliyi Daxili Qo\u015funlar\u0131n\u0131n bir ne\u00e7\u0259 h\u0259rbi qulluq\u00e7usu t\u0259ltif edilib.<\/strong><br \/>\n<strong>\u00a0T\u0259ltif edil\u0259nl\u0259r aras\u0131nda iki general da var.<\/strong><br \/>\n<strong>\u00a0General-mayor Tofiq H\u00fcseynov v\u0259 general-mayor \u0130nqilab Heyd\u0259rov &#8220;V\u0259t\u0259n u\u011frunda\u201d medal\u0131 il\u0259 t\u0259ltif olunublar.<\/strong><br \/>\n<strong>\u00a0Tofiq H\u00fcseynov Az\u0259rbaycan Prezidentinin 2017-ci il 27 yanvar tarixli 2632 n\u00f6mr\u0259li s\u0259r\u0259ncam\u0131 il\u0259 D\u0130N-in Daxili Qo\u015funlar\u0131 Q\u0259rargah\u0131 r\u0259isinin birinci m\u00fcavini v\u0259zif\u0259sin\u0259 t\u0259yin edilib.<\/strong><br \/>\n<strong>\u00a0Prezidentin 15 fevral 2018-ci il tarixli 3681 n\u00f6mr\u0259li s\u0259r\u0259ncam\u0131 il\u0259 Daxili Qo\u015funlar Komandan\u0131n\u0131n 1-ci m\u00fcavini \u2013 Q\u0259rargah r\u0259isi v\u0259zif\u0259sin\u0259 g\u0259tirilib.<\/strong><br \/>\n<strong>\u00a0O, Prezidentin 2018-ci il 9 mart tarixli s\u0259r\u0259ncam\u0131 il\u0259 general-may\u043er h\u0259rbi r\u00fctb\u0259si al\u0131b.<\/strong><br \/>\n<strong>\u00a0\u0130nqilab Muradov is\u0259 2018-ci ild\u0259n Daxili Qo\u015funlar\u0131n Q\u0259rargah r\u0259isinin birinci m\u00fcavinidir.<\/strong><br \/>\n<strong>\u00a0Ona Prezidentin s\u0259r\u0259ncam\u0131 il\u0259 2019-cu ilin mart\u0131nda general-mayor r\u00fctb\u0259si verilib.<\/strong><\/p>\n","protected":false},"excerpt":{"rendered":"<p>Prezident \u0130lham \u018fliyevin s\u0259r\u0259ncam\u0131 il\u0259 Daxili \u0130\u015fl\u0259r Nazirliyi Daxili Qo\u015funlar\u0131n\u0131n bir ne\u00e7\u0259 h\u0259rbi qulluq\u00e7usu t\u0259ltif edilib. \u00a0T\u0259ltif edil\u0259nl\u0259r aras\u0131nda iki&hellip;<\/p>\n","protected":false},"author":1,"featured_media":0,"comment_status":"closed","ping_status":"closed","sticky":false,"template":"","format":"standard","meta":{"om_disable_all_campaigns":false,"_monsterinsights_skip_tracking":false,"_uf_show_specific_survey":0,"_uf_disable_surveys":false,"footnotes":""},"categories":[23,7,5],"tags":[],"aioseo_notices":[],"_links":{"self":[{"href":"https:\/\/hakimiyyet.info.az\/index.php?rest_route=\/wp\/v2\/posts\/15280"}],"collection":[{"href":"https:\/\/hakimiyyet.info.az\/index.php?rest_route=\/wp\/v2\/posts"}],"about":[{"href":"https:\/\/hakimiyyet.info.az\/index.php?rest_route=\/wp\/v2\/types\/post"}],"author":[{"embeddable":true,"href":"https:\/\/hakimiyyet.info.az\/index.php?rest_route=\/wp\/v2\/users\/1"}],"replies":[{"embeddable":true,"href":"https:\/\/hakimiyyet.info.az\/index.php?rest_route=%2Fwp%2Fv2%2Fcomments&post=15280"}],"version-history":[{"count":2,"href":"https:\/\/hakimiyyet.info.az\/index.php?rest_route=\/wp\/v2\/posts\/15280\/revisions"}],"predecessor-version":[{"id":15282,"href":"https:\/\/hakimiyyet.info.az\/index.php?rest_route=\/wp\/v2\/posts\/15280\/revisions\/15282"}],"wp:attachment":[{"href":"https:\/\/hakimiyyet.info.az\/index.php?rest_route=%2Fwp%2Fv2%2Fmedia&parent=15280"}],"wp:term":[{"taxonomy":"category","embeddable":true,"href":"https:\/\/hakimiyyet.info.az\/index.php?rest_route=%2Fwp%2Fv2%2Fcategories&post=15280"},{"taxonomy":"post_tag","embeddable":true,"href":"https:\/\/hakimiyyet.info.az\/index.php?rest_route=%2Fwp%2Fv2%2Ftags&post=15280"}],"curies":[{"name":"wp","href":"https:\/\/api.w.org\/{rel}","templated":true}]}}