{"id":15287,"date":"2020-03-12T14:00:01","date_gmt":"2020-03-12T10:00:01","guid":{"rendered":"https:\/\/www.hakimiyyet.com\/?p=15287"},"modified":"2020-03-12T14:00:01","modified_gmt":"2020-03-12T10:00:01","slug":"m%c9%99lah%c9%99t-ibrahimqizi-dovl%c9%99timizin-bascisinin-milli-m%c9%99clisd%c9%99ki-nitqi-c%c9%99miyy%c9%99tin-h%c9%99r-bir-uzvun%c9%99-yon%c9%99lmis-mesajdir","status":"publish","type":"post","link":"https:\/\/hakimiyyet.info.az\/?p=15287","title":{"rendered":"M\u0259lah\u0259t \u0130brahimq\u0131z\u0131: D\u00f6vl\u0259timizin ba\u015f\u00e7\u0131s\u0131n\u0131n Milli M\u0259clisd\u0259ki nitqi c\u0259miyy\u0259tin h\u0259r bir \u00fczv\u00fcn\u0259 y\u00f6n\u0259lmi\u015f mesajd\u0131r"},"content":{"rendered":"<p>Az\u0259rbaycan Respublikas\u0131n\u0131n Prezidenti \u0130lham \u018fliyevin alt\u0131nc\u0131 \u00e7a\u011f\u0131r\u0131\u015f Milli M\u0259clisin iclas\u0131ndak\u0131 nitqi tarixi bir \u00e7\u0131x\u0131\u015f idi. D\u00fcnyadak\u0131 \u00e7a\u011f\u0131r\u0131\u015flar\u0131 v\u0259 \u00f6lk\u0259mizin prioritetl\u0259rini \u00f6z\u00fcnd\u0259 \u0259ks etdir\u0259n bu nitq h\u0259m d\u0259 Az\u0259rbaycan parlamentinin g\u0259l\u0259c\u0259k f\u0259aliyy\u0259tini m\u00fc\u0259yy\u0259nl\u0259\u015fdir\u0259n \u201cyol x\u0259rit\u0259si\u201ddir.<\/p>\n<p>D\u00f6vl\u0259timizin ba\u015f\u00e7\u0131s\u0131n\u0131n nitqi n\u0259inki Milli M\u0259clisin deputatlar\u0131, el\u0259c\u0259 d\u0259 c\u0259miyy\u0259tin b\u00fct\u00fcn \u00fczvl\u0259ri &#8211; ziyal\u0131lar, elm xadiml\u0259ri, d\u00f6vl\u0259t qulluq\u00e7ular\u0131, v\u0259t\u0259nda\u015f c\u0259miyy\u0259tinin n\u00fcmay\u0259nd\u0259l\u0259ri, \u00fcmumilikd\u0259, h\u0259r k\u0259s \u00fc\u00e7\u00fcn mesajd\u0131r. Prezidentin t\u00f6vsiy\u0259l\u0259ri, vur\u011fulad\u0131\u011f\u0131 m\u0259qamlar qar\u015f\u0131da g\u00f6r\u0259c\u0259yimiz i\u015fl\u0259rin t\u0259m\u0259lidir v\u0259 m\u0259n dey\u0259rdim ki, h\u0259r bir deputat\u0131n g\u00fcnd\u0259lik kompas\u0131d\u0131r. \u00d6lk\u0259 ba\u015f\u00e7\u0131s\u0131 h\u0259r bir deputat\u0131 onlar\u0131 se\u00e7\u0259n xalq\u0131n yan\u0131nda olma\u011fa, i\u015fl\u0259rind\u0259 m\u0259suliyy\u0259tli v\u0259 \u015f\u0259ffaf f\u0259aliyy\u0259t g\u00f6st\u0259rm\u0259y\u0259 \u00e7a\u011f\u0131r\u0131b.<\/p>\n<p>Bu s\u00f6zl\u0259ri\u00a0<a class=\"azertac-link\" href=\"https:\/\/azertag.az\/\" target=\"_blank\" rel=\"noopener noreferrer\">AZ\u018fRTAC<\/a>-a a\u00e7\u0131qlamas\u0131nda Milli M\u0259clisin deputat\u0131, \u018fm\u0259k v\u0259 sosial siyas\u0259t komit\u0259sinin s\u0259dr m\u00fcavini M\u0259lah\u0259t \u0130brahimq\u0131z\u0131 deyib.<\/p>\n<p>M.\u0130brahimq\u0131z\u0131 bildirib ki, Prezident \u0130lham \u018fliyevin nitqi deputatlar\u0131n m\u0259suliyy\u0259tini bir\u0259be\u015f art\u0131r\u0131r v\u0259 onlara stimul verm\u0259kl\u0259 b\u0259rab\u0259r, h\u0259m d\u0259 daha s\u0259m\u0259r\u0259li, m\u0259hsuldar i\u015fl\u0259m\u0259y\u0259 ruhland\u0131r\u0131r. Vur\u011fulan\u0131b ki, Yeni Az\u0259rbaycan Partiyas\u0131n\u0131n (YAP) b\u00f6y\u00fck s\u0259s \u00e7oxlu\u011fu il\u0259 q\u0259l\u0259b\u0259 qazanmas\u0131 v\u0259 alt\u0131nc\u0131 \u00e7a\u011f\u0131r\u0131\u015f Milli M\u0259clisin yeni t\u0259rkibinin m\u00fc\u0259yy\u0259n edilm\u0259si xalq\u0131n Az\u0259rbaycan Prezidentinin g\u00f6rd\u00fcy\u00fc i\u015fl\u0259r\u0259, onun uzaqg\u00f6r\u0259n siyas\u0259tin\u0259, n\u00fcfuzuna verdiyi d\u0259y\u0259rdir. 2003-c\u00fc ild\u0259 Az\u0259rbaycan Respublikas\u0131n\u0131n Prezidenti se\u00e7il\u0259nd\u0259 dediyi \u201cM\u0259n h\u0259r bir az\u0259rbaycanl\u0131n\u0131n prezidenti olaca\u011fam\u201d ifad\u0259si bu g\u00fcn reall\u0131\u011f\u0131 \u0259ks etdirir.<\/p>\n<p>D\u00f6vl\u0259timizin ba\u015f\u00e7\u0131s\u0131 \u00e7oxistiqam\u0259tli v\u0259 h\u0259rt\u0259r\u0259fli nitqind\u0259 \u00f6lk\u0259mizin daxili v\u0259 xarici siyas\u0259ti il\u0259 ba\u011fl\u0131 fikirl\u0259rini s\u0259sl\u0259ndirdi, konturlar\u0131 m\u00fc\u0259yy\u0259n etdi. Prezident \u0130lham \u018fliyev, h\u0259m\u00e7inin \u00f6lk\u0259mizin \u0259n a\u011fr\u0131l\u0131 problemi olan Erm\u0259nistan-Az\u0259rbaycan Da\u011fl\u0131q Qaraba\u011f m\u00fcnaqi\u015f\u0259sind\u0259n tutmu\u015f, qa\u00e7q\u0131nlar\u0131n, m\u0259cburi k\u00f6\u00e7k\u00fcnl\u0259rin, \u015f\u0259hid ail\u0259l\u0259rinin, azt\u0259minatl\u0131 ail\u0259l\u0259rin, bir s\u00f6zl\u0259, h\u0259ssas t\u0259b\u0259q\u0259nin probleml\u0259rin\u0259 toxundu.<\/p>\n<p>D\u00f6vl\u0259timizin ba\u015f\u00e7\u0131s\u0131, h\u0259m\u00e7inin Erm\u0259nistan-Az\u0259rbaycan m\u00fcnaqi\u015f\u0259sinin h\u0259llin\u0259, 1 milyondan \u00e7ox qa\u00e7q\u0131n v\u0259 m\u0259cburi k\u00f6\u00e7k\u00fcn\u00fcn probleml\u0259rin\u0259 \u0259dal\u0259tl\u0259 yana\u015fmayan, laqeyd qalan, amma \u00f6lk\u0259d\u0259 qondarma, ikinci v\u0259 ya \u00fc\u00e7\u00fcnc\u00fc d\u0259r\u0259c\u0259li m\u0259s\u0259l\u0259l\u0259ri qabardan xarici q\u00fcvv\u0259l\u0259r\u0259 d\u0259 mesaj verdi. Bu g\u00fcn d\u00fcnyan\u0131n m\u00fcxt\u0259lif \u00f6lk\u0259l\u0259ri miqrant problemind\u0259n \u0259ziyy\u0259t \u00e7\u0259kir, Az\u0259rbaycanda sabitlik, h\u0259mr\u0259ylik h\u00f6km s\u00fcr\u00fcr\u201d, &#8211; dey\u0259 deputat bildirib.<\/p>\n<p>Komit\u0259 s\u0259drinin m\u00fcavini Prezidentin deputatlar\u0131n q\u0259bul etdikl\u0259ri qanunlar\u0131n icras\u0131na n\u0259zar\u0259t etm\u0259yi vur\u011fulad\u0131n\u0131 bildirib. Qeyd edib ki, d\u00f6vl\u0259timizin ba\u015f\u00e7\u0131s\u0131n\u0131n t\u00f6vsiy\u0259sin\u0259 g\u00f6r\u0259, qanunlar q\u0259bul olunark\u0259n iqtisadi inki\u015faf\u0131n d\u0259rinl\u0259\u015fdirilm\u0259si, milli d\u0259y\u0259rl\u0259rin qorunmas\u0131, informasiya t\u0259hl\u00fck\u0259sizliyi, sosial siyas\u0259t v\u0259 g\u0259ncl\u0259r siyas\u0259ti n\u0259z\u0259r\u0259 al\u0131nmal\u0131d\u0131r. Bundan ba\u015fqa, Prezident \u0130lham \u018fliyev parlament-h\u00f6kum\u0259t-v\u0259t\u0259nda\u015f \u00fc\u00e7l\u00fcy\u00fc aras\u0131nda m\u00fcnasib\u0259tl\u0259rin daha s\u0259mimi, hesabatl\u0131 v\u0259 m\u0259suliyy\u0259tli qurulmas\u0131n\u0131n vacibliyin\u0259 diqq\u0259t \u00e7\u0259kib.<\/p>\n<p>M.\u0130brahimq\u0131z\u0131 m\u00fcst\u0259qil Az\u0259rbaycan parlamentinin tarixind\u0259 ilk d\u0259f\u0259 olaraq qad\u0131n parlament s\u0259drinin se\u00e7ilm\u0259sini \u0259lam\u0259tdar hadis\u0259l\u0259rd\u0259n biri kimi qiym\u0259tl\u0259ndirib. Onun s\u00f6zl\u0259rin\u0259 g\u00f6r\u0259, haz\u0131rda \u00f6lk\u0259mizd\u0259 qad\u0131nlar\u0131n idar\u0259etm\u0259, icra v\u0259 r\u0259hb\u0259r orqanlarda ir\u0259li \u00e7\u0259kilm\u0259si adi hal al\u0131b. \u00c7\u00fcnki bunun \u00fc\u00e7\u00fcn Az\u0259rbaycanda m\u00fcnbit \u015f\u0259rait var. Alt\u0131nc\u0131 \u00e7a\u011f\u0131r\u0131\u015f Milli M\u0259clisin s\u0259drinin d\u0259 qad\u0131n olmas\u0131 c\u0259miyy\u0259timiz, o c\u00fcml\u0259d\u0259n qad\u0131nlar t\u0259r\u0259find\u0259n y\u00fcks\u0259k d\u0259y\u0259rl\u0259ndirilir.<\/p>\n<p>\u201c\u00dcmumilikd\u0259, parlament se\u00e7kil\u0259ri demokratik \u015f\u0259raitd\u0259 ke\u00e7di v\u0259 xalq\u0131m\u0131z \u00f6z irad\u0259sini s\u0259rb\u0259st \u015f\u0259kild\u0259 ifad\u0259 etdi. Alt\u0131nc\u0131 \u00e7a\u011f\u0131r\u0131\u015f Milli M\u0259clisin yeni t\u0259rkibinin m\u00fc\u0259yy\u0259n edilm\u0259si d\u0259 \u00f6lk\u0259mizd\u0259 apar\u0131lan d\u0259rin k\u00f6kl\u00fc islahatlar\u0131n davam idi. D\u00fc\u015f\u00fcn\u00fcr\u0259m ki, Milli M\u0259clis xalq\u0131n m\u0259nafeyini \u0259ks etdirm\u0259kl\u0259, yeni t\u0259rkibd\u0259, yeni spikerl\u0259 d\u00f6vl\u0259t\u00e7iliyimizin, m\u00fcst\u0259qilliyimizin qorunmas\u0131 i\u015fin\u0259 \u00f6z layiqli t\u00f6hf\u0259sini ver\u0259c\u0259k\u201d \u2013 dey\u0259, M.\u0130brahimq\u0131z\u0131 qeyd edib.<\/p>\n","protected":false},"excerpt":{"rendered":"<p>Az\u0259rbaycan Respublikas\u0131n\u0131n Prezidenti \u0130lham \u018fliyevin alt\u0131nc\u0131 \u00e7a\u011f\u0131r\u0131\u015f Milli M\u0259clisin iclas\u0131ndak\u0131 nitqi tarixi bir \u00e7\u0131x\u0131\u015f idi. D\u00fcnyadak\u0131 \u00e7a\u011f\u0131r\u0131\u015flar\u0131 v\u0259 \u00f6lk\u0259mizin prioritetl\u0259rini&hellip;<\/p>\n","protected":false},"author":2,"featured_media":0,"comment_status":"closed","ping_status":"closed","sticky":false,"template":"","format":"standard","meta":{"om_disable_all_campaigns":false,"_monsterinsights_skip_tracking":false,"_uf_show_specific_survey":0,"_uf_disable_surveys":false,"footnotes":""},"categories":[27,2],"tags":[],"aioseo_notices":[],"_links":{"self":[{"href":"https:\/\/hakimiyyet.info.az\/index.php?rest_route=\/wp\/v2\/posts\/15287"}],"collection":[{"href":"https:\/\/hakimiyyet.info.az\/index.php?rest_route=\/wp\/v2\/posts"}],"about":[{"href":"https:\/\/hakimiyyet.info.az\/index.php?rest_route=\/wp\/v2\/types\/post"}],"author":[{"embeddable":true,"href":"https:\/\/hakimiyyet.info.az\/index.php?rest_route=\/wp\/v2\/users\/2"}],"replies":[{"embeddable":true,"href":"https:\/\/hakimiyyet.info.az\/index.php?rest_route=%2Fwp%2Fv2%2Fcomments&post=15287"}],"version-history":[{"count":1,"href":"https:\/\/hakimiyyet.info.az\/index.php?rest_route=\/wp\/v2\/posts\/15287\/revisions"}],"predecessor-version":[{"id":15288,"href":"https:\/\/hakimiyyet.info.az\/index.php?rest_route=\/wp\/v2\/posts\/15287\/revisions\/15288"}],"wp:attachment":[{"href":"https:\/\/hakimiyyet.info.az\/index.php?rest_route=%2Fwp%2Fv2%2Fmedia&parent=15287"}],"wp:term":[{"taxonomy":"category","embeddable":true,"href":"https:\/\/hakimiyyet.info.az\/index.php?rest_route=%2Fwp%2Fv2%2Fcategories&post=15287"},{"taxonomy":"post_tag","embeddable":true,"href":"https:\/\/hakimiyyet.info.az\/index.php?rest_route=%2Fwp%2Fv2%2Ftags&post=15287"}],"curies":[{"name":"wp","href":"https:\/\/api.w.org\/{rel}","templated":true}]}}