{"id":15289,"date":"2020-03-12T14:12:08","date_gmt":"2020-03-12T10:12:08","guid":{"rendered":"https:\/\/www.hakimiyyet.com\/?p=15289"},"modified":"2020-03-12T14:12:08","modified_gmt":"2020-03-12T10:12:08","slug":"az%c9%99rbaycan-respublikasi-prezidentinin-s%c9%99r%c9%99ncami-6","status":"publish","type":"post","link":"https:\/\/hakimiyyet.info.az\/?p=15289","title":{"rendered":"Az\u0259rbaycan Respublikas\u0131 Prezidentinin S\u0259r\u0259ncam\u0131"},"content":{"rendered":"<h5 class=\"content-title\">A.S.M\u0259mm\u0259dovun Az\u0259rbaycan Respublikas\u0131n\u0131n \u00c7ex Respublikas\u0131nda f\u00f6vq\u0259lad\u0259 v\u0259 s\u0259lahiyy\u0259tli s\u0259firi t\u0259yin edilm\u0259si haqq\u0131nda<br \/>\nAz\u0259rbaycan Respublikas\u0131 Prezidentinin S\u0259r\u0259ncam\u0131<\/h5>\n<div class=\"content-outtext\">\n<div class=\"left-content\">\n<div id=\"selectedtext\">\n<p>Az\u0259rbaycan Respublikas\u0131 Konstitusiyas\u0131n\u0131n 109-cu madd\u0259sinin 15-ci b\u0259ndini r\u0259hb\u0259r tutaraq\u00a0<strong>q\u0259rara al\u0131ram:<\/strong><\/p>\n<p>Ad\u0131\u015f Sakit o\u011flu M\u0259mm\u0259dov Az\u0259rbaycan Respublikas\u0131n\u0131n \u00c7ex Respublikas\u0131nda f\u00f6vq\u0259lad\u0259 v\u0259 s\u0259lahiyy\u0259tli s\u0259firi t\u0259yin edilsin.<\/p>\n<p>\u0130lham \u018fliyev<\/p>\n<p>Az\u0259rbaycan Respublikas\u0131n\u0131n Prezidenti<\/p>\n<p>Bak\u0131 \u015f\u0259h\u0259ri, 12 mart 2020-ci il.<\/p>\n<p>&nbsp;<\/p>\n<h5 class=\"content-title\">A.X.Xuduyevin Az\u0259rbaycan Respublikas\u0131n\u0131n Ukraynada f\u00f6vq\u0259lad\u0259 v\u0259 s\u0259lahiyy\u0259tli s\u0259firi, eyni zamanda, Az\u0259rbaycan Respublikas\u0131n\u0131n Demokratiya v\u0259 \u0130qtisadi \u0130nki\u015faf U\u011frunda T\u0259\u015fkilat \u2013 GUAM yan\u0131nda daimi n\u00fcmay\u0259nd\u0259si v\u0259zif\u0259l\u0259rind\u0259n geri \u00e7a\u011f\u0131r\u0131lmas\u0131 haqq\u0131nda<br \/>\nAz\u0259rbaycan Respublikas\u0131 Prezidentinin S\u0259r\u0259ncam\u0131<\/h5>\n<div class=\"content-outtext\">\n<div class=\"left-content\">\n<div id=\"selectedtext\">\n<p>Az\u0259rbaycan Respublikas\u0131 Konstitusiyas\u0131n\u0131n 109-cu madd\u0259sinin 15-ci b\u0259ndini r\u0259hb\u0259r tutaraq\u00a0<strong>q\u0259rara al\u0131ram:<\/strong><\/p>\n<p>Az\u0259r Xudayar o\u011flu Xuduyev Az\u0259rbaycan Respublikas\u0131n\u0131n Ukraynada f\u00f6vq\u0259lad\u0259 v\u0259 s\u0259lahiyy\u0259tli s\u0259firi, eyni zamanda, Az\u0259rbaycan Respublikas\u0131n\u0131n Demokratiya v\u0259 \u0130qtisadi \u0130nki\u015faf U\u011frunda T\u0259\u015fkilat \u2013 GUAM yan\u0131nda daimi n\u00fcmay\u0259nd\u0259si v\u0259zif\u0259l\u0259rind\u0259n geri \u00e7a\u011f\u0131r\u0131ls\u0131n.<\/p>\n<p>\u0130lham \u018fliyev<\/p>\n<p>Az\u0259rbaycan Respublikas\u0131n\u0131n Prezidenti<\/p>\n<p>Bak\u0131 \u015f\u0259h\u0259ri, 12 mart 2020-ci il.<\/p>\n<p>&nbsp;<\/p>\n<h5 class=\"content-title\">E.H.Axundovan\u0131n Az\u0259rbaycan Respublikas\u0131n\u0131n Ukraynada f\u00f6vq\u0259lad\u0259 v\u0259 s\u0259lahiyy\u0259tli s\u0259firi t\u0259yin edilm\u0259si haqq\u0131nda<br \/>\nAz\u0259rbaycan Respublikas\u0131 Prezidentinin S\u0259r\u0259ncam\u0131<\/h5>\n<div class=\"content-outtext\">\n<div class=\"left-content\">\n<div id=\"selectedtext\">\n<p>Az\u0259rbaycan Respublikas\u0131 Konstitusiyas\u0131n\u0131n 109-cu madd\u0259sinin 15-ci b\u0259ndini r\u0259hb\u0259r tutaraq\u00a0<strong>q\u0259rara al\u0131ram:<\/strong><\/p>\n<p>Elmira H\u00fcseyn q\u0131z\u0131 Axundova Az\u0259rbaycan Respublikas\u0131n\u0131n Ukraynada f\u00f6vq\u0259lad\u0259 v\u0259 s\u0259lahiyy\u0259tli s\u0259firi t\u0259yin edilsin.<\/p>\n<p>\u0130lham \u018fliyev<\/p>\n<p>Az\u0259rbaycan Respublikas\u0131n\u0131n Prezidenti<\/p>\n<p>Bak\u0131 \u015f\u0259h\u0259ri, 12 mart 2020-ci il.<\/p>\n<p>&nbsp;<\/p>\n<h5 class=\"content-title\">G.Q.\u0130smay\u0131lzad\u0259nin Az\u0259rbaycan Respublikas\u0131n\u0131n Yaponiyada f\u00f6vq\u0259lad\u0259 v\u0259 s\u0259lahiyy\u0259tli s\u0259firi t\u0259yin edilm\u0259si haqq\u0131nda<br \/>\nAz\u0259rbaycan Respublikas\u0131 Prezidentinin S\u0259r\u0259ncam\u0131<\/h5>\n<div class=\"content-outtext\">\n<div class=\"left-content\">\n<div id=\"selectedtext\">\n<p>Az\u0259rbaycan Respublikas\u0131 Konstitusiyas\u0131n\u0131n 109-cu madd\u0259sinin 15-ci b\u0259ndini r\u0259hb\u0259r tutaraq\u00a0<strong>q\u0259rara al\u0131ram:<\/strong><\/p>\n<p>G\u00fcrsel Q\u00fcdr\u0259t o\u011flu \u0130smay\u0131lzad\u0259 Az\u0259rbaycan Respublikas\u0131n\u0131n Yaponiyada f\u00f6vq\u0259lad\u0259 v\u0259 s\u0259lahiyy\u0259tli s\u0259firi t\u0259yin edilsin.<\/p>\n<p>\u0130lham \u018fliyev<\/p>\n<p>Az\u0259rbaycan Respublikas\u0131n\u0131n Prezidenti<\/p>\n<p>Bak\u0131 \u015f\u0259h\u0259ri, 12 mart 2020-ci il.<\/p>\n<\/div>\n<\/div>\n<\/div>\n<\/div>\n<\/div>\n<\/div>\n<\/div>\n<\/div>\n<\/div>\n<\/div>\n<\/div>\n<\/div>\n","protected":false},"excerpt":{"rendered":"<p>A.S.M\u0259mm\u0259dovun Az\u0259rbaycan Respublikas\u0131n\u0131n \u00c7ex Respublikas\u0131nda f\u00f6vq\u0259lad\u0259 v\u0259 s\u0259lahiyy\u0259tli s\u0259firi t\u0259yin edilm\u0259si haqq\u0131nda Az\u0259rbaycan Respublikas\u0131 Prezidentinin S\u0259r\u0259ncam\u0131 Az\u0259rbaycan Respublikas\u0131 Konstitusiyas\u0131n\u0131n 109-cu&hellip;<\/p>\n","protected":false},"author":2,"featured_media":10165,"comment_status":"closed","ping_status":"closed","sticky":false,"template":"","format":"standard","meta":{"om_disable_all_campaigns":false,"_monsterinsights_skip_tracking":false,"_uf_show_specific_survey":0,"_uf_disable_surveys":false,"footnotes":""},"categories":[23,2,3],"tags":[],"aioseo_notices":[],"_links":{"self":[{"href":"https:\/\/hakimiyyet.info.az\/index.php?rest_route=\/wp\/v2\/posts\/15289"}],"collection":[{"href":"https:\/\/hakimiyyet.info.az\/index.php?rest_route=\/wp\/v2\/posts"}],"about":[{"href":"https:\/\/hakimiyyet.info.az\/index.php?rest_route=\/wp\/v2\/types\/post"}],"author":[{"embeddable":true,"href":"https:\/\/hakimiyyet.info.az\/index.php?rest_route=\/wp\/v2\/users\/2"}],"replies":[{"embeddable":true,"href":"https:\/\/hakimiyyet.info.az\/index.php?rest_route=%2Fwp%2Fv2%2Fcomments&post=15289"}],"version-history":[{"count":1,"href":"https:\/\/hakimiyyet.info.az\/index.php?rest_route=\/wp\/v2\/posts\/15289\/revisions"}],"predecessor-version":[{"id":15290,"href":"https:\/\/hakimiyyet.info.az\/index.php?rest_route=\/wp\/v2\/posts\/15289\/revisions\/15290"}],"wp:featuredmedia":[{"embeddable":true,"href":"https:\/\/hakimiyyet.info.az\/index.php?rest_route=\/wp\/v2\/media\/10165"}],"wp:attachment":[{"href":"https:\/\/hakimiyyet.info.az\/index.php?rest_route=%2Fwp%2Fv2%2Fmedia&parent=15289"}],"wp:term":[{"taxonomy":"category","embeddable":true,"href":"https:\/\/hakimiyyet.info.az\/index.php?rest_route=%2Fwp%2Fv2%2Fcategories&post=15289"},{"taxonomy":"post_tag","embeddable":true,"href":"https:\/\/hakimiyyet.info.az\/index.php?rest_route=%2Fwp%2Fv2%2Ftags&post=15289"}],"curies":[{"name":"wp","href":"https:\/\/api.w.org\/{rel}","templated":true}]}}