{"id":15653,"date":"2020-03-16T18:32:56","date_gmt":"2020-03-16T14:32:56","guid":{"rendered":"https:\/\/www.hakimiyyet.com\/?p=15653"},"modified":"2020-03-16T18:32:56","modified_gmt":"2020-03-16T14:32:56","slug":"novruz-bayrami-munasib%c9%99til%c9%99-s%c9%99hid-ail%c9%99l%c9%99ri-ziyar%c9%99t-olunub","status":"publish","type":"post","link":"https:\/\/hakimiyyet.info.az\/?p=15653","title":{"rendered":"Novruz bayram\u0131 m\u00fcnasib\u0259til\u0259 \u015f\u0259hid ail\u0259l\u0259ri ziyar\u0259t olunub"},"content":{"rendered":"<p><img decoding=\"async\" loading=\"lazy\" class=\"alignleft\" src=\"https:\/\/azertag.az\/files\/galleryphoto\/2020\/1\/1000x669\/1584368482832652854_1000x669.jpg\" width=\"393\" height=\"262\" \/><\/p>\n<p><img decoding=\"async\" loading=\"lazy\" class=\"alignleft\" src=\"https:\/\/azertag.az\/files\/galleryphoto\/2020\/1\/1000x669\/158436848280345603_1000x669.jpg\" width=\"395\" height=\"263\" \/><\/p>\n<p>\u0130smay\u0131ll\u0131da rayon icra hakimiyy\u0259tinin v\u0259 S\u0259f\u0259rb\u0259rlik v\u0259 H\u0259rbi Xidm\u0259t\u0259 \u00c7a\u011f\u0131r\u0131\u015f \u00fczr\u0259 D\u00f6vl\u0259t Xidm\u0259ti \u0130smay\u0131ll\u0131 rayon \u015f\u00f6b\u0259sinin birg\u0259 t\u0259\u015f\u0259bb\u00fcs\u00fc il\u0259 Novruz bayram\u0131 il\u0259 \u0259laq\u0259dar bir qrup \u015f\u0259hid ail\u0259si ziyar\u0259t olunub, onlara bayram sovqatlar\u0131 \u00e7atd\u0131r\u0131l\u0131b.<\/p>\n<p><a class=\"azertac-link\" href=\"https:\/\/azertag.az\/\" target=\"_blank\" rel=\"noopener noreferrer\">AZ\u018fRTAC<\/a>-\u0131n b\u00f6lg\u0259 m\u00fcxbiri x\u0259b\u0259r verir ki, g\u00f6r\u00fc\u015fl\u0259rd\u0259 \u00f6lk\u0259mizd\u0259 \u015f\u0259hid ail\u0259l\u0259rin\u0259 g\u00f6st\u0259ril\u0259n diqq\u0259t v\u0259 qay\u011f\u0131dan dan\u0131\u015f\u0131l\u0131b. Qeyd olunub ki, Prezident \u0130lham \u018fliyev v\u0259 Birinci vitse-prezident Mehriban \u018fliyevan\u0131n \u015f\u0259hid ail\u0259l\u0259rin\u0259 qay\u011f\u0131s\u0131, onlar\u0131n sosial m\u00fcdafi\u0259sinin g\u00fccl\u0259ndirilm\u0259si h\u0259r k\u0259sd\u0259 m\u0259mnunluq yarad\u0131r, \u00f6lk\u0259 ba\u015f\u00e7\u0131s\u0131na, onun apard\u0131\u011f\u0131 u\u011furlu siyas\u0259t\u0259 inam v\u0259 etibar\u0131 daha da g\u00fccl\u0259ndirir.<\/p>\n<p>G\u00f6r\u00fc\u015fd\u0259 h\u0259yat yolda\u015f\u0131n\u0131 itir\u0259n Sevda M\u0259mm\u0259dova, \u015f\u0259hid analar\u0131 G\u00fcll\u00fc M\u0259mm\u0259dova, Fatma \u018fliyeva v\u0259 ba\u015fqalar\u0131 onlara g\u00f6st\u0259ril\u0259n diqq\u0259t v\u0259 qay\u011f\u0131ya g\u00f6r\u0259 d\u00f6vl\u0259t ba\u015f\u00e7\u0131s\u0131na v\u0259 Birinci vitse-prezident Mehriban xan\u0131m \u018fliyevaya minn\u0259tdarl\u0131qlar\u0131n\u0131 bildiribl\u0259r. \u018fminlikl\u0259 s\u00f6yl\u0259yibl\u0259r ki, \u015f\u0259hidl\u0259rimizin qan\u0131 yerd\u0259 qalmayacaq, i\u015f\u011fal olunmu\u015f Az\u0259rbaycan torpaqlar\u0131 d\u00fc\u015fm\u0259n tapda\u011f\u0131ndan azad edil\u0259c\u0259k v\u0259 \u00f6lk\u0259mizin \u0259razi b\u00fct\u00f6vl\u00fcy\u00fc t\u0259min olunacaq.<\/p>\n<p>&nbsp;<\/p>\n","protected":false},"excerpt":{"rendered":"<p>\u0130smay\u0131ll\u0131da rayon icra hakimiyy\u0259tinin v\u0259 S\u0259f\u0259rb\u0259rlik v\u0259 H\u0259rbi Xidm\u0259t\u0259 \u00c7a\u011f\u0131r\u0131\u015f \u00fczr\u0259 D\u00f6vl\u0259t Xidm\u0259ti \u0130smay\u0131ll\u0131 rayon \u015f\u00f6b\u0259sinin birg\u0259 t\u0259\u015f\u0259bb\u00fcs\u00fc il\u0259 Novruz&hellip;<\/p>\n","protected":false},"author":2,"featured_media":0,"comment_status":"closed","ping_status":"closed","sticky":false,"template":"","format":"standard","meta":{"om_disable_all_campaigns":false,"_monsterinsights_skip_tracking":false,"_uf_show_specific_survey":0,"_uf_disable_surveys":false,"footnotes":""},"categories":[2,4],"tags":[],"aioseo_notices":[],"_links":{"self":[{"href":"https:\/\/hakimiyyet.info.az\/index.php?rest_route=\/wp\/v2\/posts\/15653"}],"collection":[{"href":"https:\/\/hakimiyyet.info.az\/index.php?rest_route=\/wp\/v2\/posts"}],"about":[{"href":"https:\/\/hakimiyyet.info.az\/index.php?rest_route=\/wp\/v2\/types\/post"}],"author":[{"embeddable":true,"href":"https:\/\/hakimiyyet.info.az\/index.php?rest_route=\/wp\/v2\/users\/2"}],"replies":[{"embeddable":true,"href":"https:\/\/hakimiyyet.info.az\/index.php?rest_route=%2Fwp%2Fv2%2Fcomments&post=15653"}],"version-history":[{"count":1,"href":"https:\/\/hakimiyyet.info.az\/index.php?rest_route=\/wp\/v2\/posts\/15653\/revisions"}],"predecessor-version":[{"id":15654,"href":"https:\/\/hakimiyyet.info.az\/index.php?rest_route=\/wp\/v2\/posts\/15653\/revisions\/15654"}],"wp:attachment":[{"href":"https:\/\/hakimiyyet.info.az\/index.php?rest_route=%2Fwp%2Fv2%2Fmedia&parent=15653"}],"wp:term":[{"taxonomy":"category","embeddable":true,"href":"https:\/\/hakimiyyet.info.az\/index.php?rest_route=%2Fwp%2Fv2%2Fcategories&post=15653"},{"taxonomy":"post_tag","embeddable":true,"href":"https:\/\/hakimiyyet.info.az\/index.php?rest_route=%2Fwp%2Fv2%2Ftags&post=15653"}],"curies":[{"name":"wp","href":"https:\/\/api.w.org\/{rel}","templated":true}]}}