{"id":15668,"date":"2020-03-17T12:12:29","date_gmt":"2020-03-17T08:12:29","guid":{"rendered":"https:\/\/www.hakimiyyet.com\/?p=15668"},"modified":"2020-03-17T12:12:29","modified_gmt":"2020-03-17T08:12:29","slug":"prezidentin-f%c9%99rman-s%c9%99r%c9%99ncam-v%c9%99-tapsiriqlarinin-icrasina-elektron-n%c9%99zar%c9%99t-ucun-yeni-informasiya-sistemi-yaradilacaq","status":"publish","type":"post","link":"https:\/\/hakimiyyet.info.az\/?p=15668","title":{"rendered":"Prezidentin f\u0259rman, s\u0259r\u0259ncam v\u0259 tap\u015f\u0131r\u0131qlar\u0131n\u0131n icras\u0131na elektron n\u0259zar\u0259t \u00fc\u00e7\u00fcn yeni informasiya sistemi yarad\u0131lacaq"},"content":{"rendered":"<p style=\"font-weight: 400;\"><span style=\"font-style: inherit; font-weight: inherit;\">Prezident \u0130lham \u018fliyev d\u00f6vl\u0259t idar\u0259\u00e7iliyind\u0259 s\u0259m\u0259r\u0259liliyin art\u0131r\u0131lmas\u0131 il\u0259 ba\u011fl\u0131 \u0259lav\u0259 t\u0259dbirl\u0259r haqq\u0131nda s\u0259r\u0259ncam imzalay\u0131b.<\/span><\/p>\n<p style=\"font-weight: 400;\"><span style=\"font-style: inherit; font-weight: inherit;\"><a href=\"https:\/\/apa.az\/\">APA<\/a>\u00a0x\u0259b\u0259r verir ki, s\u0259r\u0259ncamda deyilir: \u201cD\u00f6vl\u0259t idar\u0259\u00e7iliyinin t\u0259kmill\u0259\u015fdirilm\u0259si istiqam\u0259tind\u0259 respublikada \u00e7ox\u015fax\u0259li i\u015fl\u0259r g\u00f6r\u00fclm\u0259kd\u0259dir. M\u00fcasir d\u00f6vr\u00fcn \u00e7a\u011f\u0131r\u0131\u015flar\u0131ndan biri kimi, d\u00f6vl\u0259t orqanlar\u0131 v\u0259 qurumlar\u0131n\u0131n f\u0259aliyy\u0259tinin s\u0259m\u0259r\u0259lilik g\u00f6st\u0259ricil\u0259ri \u0259sas\u0131nda qiym\u0259tl\u0259ndirilm\u0259si sisteminin m\u0259rh\u0259l\u0259l\u0259rl\u0259 i\u015fl\u0259nm\u0259si v\u0259 t\u0259tbiqi d\u00f6vl\u0259timizin diqq\u0259t m\u0259rk\u0259zind\u0259dir.<\/span><\/p>\n<p style=\"font-weight: 400;\"><span style=\"font-style: inherit; font-weight: inherit;\">Bu bax\u0131mdan, paylar\u0131n\u0131n (s\u0259hml\u0259rinin) n\u0259zar\u0259t z\u0259rfi d\u00f6vl\u0259t\u0259 m\u0259xsus olan h\u00fcquqi \u015f\u0259xsl\u0259rin f\u0259aliyy\u0259tinin m\u00fcasir standartlara uy\u011fun \u0259sas s\u0259m\u0259r\u0259lilik g\u00f6st\u0259ricil\u0259ri \u0259sas\u0131nda qiym\u0259tl\u0259ndirilm\u0259si \u00fc\u00e7\u00fcn z\u0259ruri sistem haz\u0131rlanm\u0131\u015f v\u0259 q\u0259bul edilmi\u015fdir.<\/span><\/p>\n<p style=\"font-weight: 400;\"><span style=\"font-style: inherit; font-weight: inherit;\">Apar\u0131lan sosial-iqtisadi islahatlar, regionlar\u0131n inki\u015faf\u0131na d\u00f6vl\u0259tin g\u00f6st\u0259rdiyi qay\u011f\u0131 v\u0259 diqq\u0259t n\u0259z\u0259r\u0259 al\u0131naraq, regionlarda sosial-iqtisadi inki\u015faf\u0131n tamamil\u0259 yeni m\u0259rh\u0259l\u0259y\u0259 q\u0259d\u0259m qoymas\u0131 m\u0259qs\u0259dil\u0259 dig\u0259r \u0259m\u0259li t\u0259dbirl\u0259rl\u0259 yana\u015f\u0131, s\u0259m\u0259r\u0259liliyin qiym\u0259tl\u0259ndirilm\u0259si sisteminin yerli icra hakimiyy\u0259ti orqanlar\u0131n\u0131n f\u0259aliyy\u0259tin\u0259 d\u0259 \u015famil olunmas\u0131 imkanlar\u0131 t\u0259hlil edilm\u0259li v\u0259 \u0259n qabaqc\u0131l d\u00fcnya t\u0259cr\u00fcb\u0259sinin \u00f6lk\u0259mizd\u0259 t\u0259tbiqin\u0259 ba\u015flan\u0131lmal\u0131d\u0131r.<\/span><\/p>\n<p style=\"font-weight: 400;\"><span style=\"font-style: inherit; font-weight: inherit;\">Eyni zamanda, d\u00f6vl\u0259t n\u0259zar\u0259tinin t\u0259\u015fkili v\u0259 icra intizam\u0131na \u0259m\u0259l olunmas\u0131 istiqam\u0259tind\u0259 g\u00f6r\u00fcl\u0259n i\u015fl\u0259rin s\u0259m\u0259r\u0259liliyinin art\u0131r\u0131lmas\u0131na, bu sah\u0259d\u0259 daha \u0259hat\u0259li v\u0259 \u00e7evik mexanizml\u0259r yarad\u0131lmas\u0131na ehtiyac vard\u0131r.<\/span><\/p>\n<p style=\"font-weight: 400;\"><span style=\"font-style: inherit; font-weight: inherit;\">Qeyd edil\u0259n h\u0259d\u0259fl\u0259r\u0259 nail olunmas\u0131 m\u0259qs\u0259dil\u0259 Az\u0259rbaycan Respublikas\u0131 Konstitusiyas\u0131n\u0131n 109-cu madd\u0259sinin 32-ci b\u0259ndini r\u0259hb\u0259r tutaraq q\u0259rara al\u0131ram:<\/span><\/p>\n<ol>\n<li style=\"font-weight: 400;\"><span style=\"font-style: inherit; font-weight: inherit;\"> Az\u0259rbaycan Respublikas\u0131 Prezidentinin Administrasiyas\u0131nda Az\u0259rbaycan Respublikas\u0131 Prezidentinin f\u0259rman, s\u0259r\u0259ncam v\u0259 tap\u015f\u0131r\u0131qlar\u0131n\u0131n icra v\u0259ziyy\u0259tin\u0259 n\u0259zar\u0259tin elektron qaydada h\u0259yata ke\u00e7irilm\u0259si \u00fc\u00e7\u00fcn yeni informasiya sistemi yarad\u0131ls\u0131n.<\/span><\/li>\n<li style=\"font-weight: 400;\"><span style=\"font-style: inherit; font-weight: inherit;\"> Yerli icra hakimiyy\u0259ti orqanlar\u0131n\u0131n f\u0259aliyy\u0259tinin s\u0259m\u0259r\u0259liliyi m\u00fct\u0259r\u0259qqi d\u00fcnya t\u0259cr\u00fcb\u0259sin\u0259 uy\u011fun \u0259sas s\u0259m\u0259r\u0259lilik g\u00f6st\u0259ricil\u0259ri \u00fczr\u0259 qiym\u0259tl\u0259ndirilsin.<\/span><\/li>\n<li style=\"font-weight: 400;\"><span style=\"font-style: inherit; font-weight: inherit;\"> Az\u0259rbaycan Respublikas\u0131 Prezidentinin Administrasiyas\u0131 beyn\u0259lxalq m\u0259sl\u0259h\u0259t\u00e7i \u015firk\u0259t c\u0259lb etm\u0259kl\u0259, a\u015fa\u011f\u0131dak\u0131lar bar\u0259d\u0259 t\u0259klifl\u0259rini alt\u0131 ay m\u00fcdd\u0259tind\u0259 Az\u0259rbaycan Respublikas\u0131n\u0131n Prezidentin\u0259 t\u0259qdim etsin:<\/span><\/li>\n<\/ol>\n<p style=\"font-weight: 400;\"><span style=\"font-style: inherit; font-weight: inherit;\">3.1. yerli icra hakimiyy\u0259ti orqanlar\u0131n\u0131n f\u0259aliyy\u0259tinin s\u0259m\u0259r\u0259liliyinin qiym\u0259tl\u0259ndirilm\u0259si mexanizminin yarad\u0131lmas\u0131 v\u0259 t\u0259tbiqi;<\/span><\/p>\n<p style=\"font-weight: 400;\"><span style=\"font-style: inherit; font-weight: inherit;\">3.2. Az\u0259rbaycan Respublikas\u0131 Prezidentinin f\u0259rman, s\u0259r\u0259ncam v\u0259 tap\u015f\u0131r\u0131qlar\u0131n\u0131n icra v\u0259ziyy\u0259tin\u0259 n\u0259zar\u0259tin elektron qaydada h\u0259yata ke\u00e7irilm\u0259si \u00fc\u00e7\u00fcn s\u0259m\u0259r\u0259li informasiya sisteminin i\u015f qaydas\u0131.<\/span><\/p>\n<ol start=\"4\">\n<li style=\"font-weight: 400;\"><span style=\"font-style: inherit; font-weight: inherit;\"> Az\u0259rbaycan Respublikas\u0131n\u0131n Nazirl\u0259r Kabineti d\u00f6vl\u0259t orqanlar\u0131 v\u0259 qurumlar\u0131 t\u0259r\u0259find\u0259n icra intizam\u0131na \u0259m\u0259l olunmas\u0131 v\u0259ziyy\u0259tini t\u0259hlil etsin v\u0259 icra intizam\u0131n\u0131n pozulmas\u0131 hallar\u0131, onlara yol ver\u0259n d\u00f6vl\u0259t orqanlar\u0131 v\u0259 qurumlar\u0131 bar\u0259d\u0259 Az\u0259rbaycan Respublikas\u0131n\u0131n Prezidentin\u0259 ild\u0259 iki d\u0259f\u0259 m\u0259lumat<\/span><\/li>\n<\/ol>\n","protected":false},"excerpt":{"rendered":"<p>Prezident \u0130lham \u018fliyev d\u00f6vl\u0259t idar\u0259\u00e7iliyind\u0259 s\u0259m\u0259r\u0259liliyin art\u0131r\u0131lmas\u0131 il\u0259 ba\u011fl\u0131 \u0259lav\u0259 t\u0259dbirl\u0259r haqq\u0131nda s\u0259r\u0259ncam imzalay\u0131b. APA\u00a0x\u0259b\u0259r verir ki, s\u0259r\u0259ncamda deyilir: \u201cD\u00f6vl\u0259t&hellip;<\/p>\n","protected":false},"author":1,"featured_media":0,"comment_status":"closed","ping_status":"closed","sticky":false,"template":"","format":"standard","meta":{"om_disable_all_campaigns":false,"_monsterinsights_skip_tracking":false,"_uf_show_specific_survey":0,"_uf_disable_surveys":false,"footnotes":""},"categories":[23,7,5],"tags":[],"aioseo_notices":[],"_links":{"self":[{"href":"https:\/\/hakimiyyet.info.az\/index.php?rest_route=\/wp\/v2\/posts\/15668"}],"collection":[{"href":"https:\/\/hakimiyyet.info.az\/index.php?rest_route=\/wp\/v2\/posts"}],"about":[{"href":"https:\/\/hakimiyyet.info.az\/index.php?rest_route=\/wp\/v2\/types\/post"}],"author":[{"embeddable":true,"href":"https:\/\/hakimiyyet.info.az\/index.php?rest_route=\/wp\/v2\/users\/1"}],"replies":[{"embeddable":true,"href":"https:\/\/hakimiyyet.info.az\/index.php?rest_route=%2Fwp%2Fv2%2Fcomments&post=15668"}],"version-history":[{"count":1,"href":"https:\/\/hakimiyyet.info.az\/index.php?rest_route=\/wp\/v2\/posts\/15668\/revisions"}],"predecessor-version":[{"id":15669,"href":"https:\/\/hakimiyyet.info.az\/index.php?rest_route=\/wp\/v2\/posts\/15668\/revisions\/15669"}],"wp:attachment":[{"href":"https:\/\/hakimiyyet.info.az\/index.php?rest_route=%2Fwp%2Fv2%2Fmedia&parent=15668"}],"wp:term":[{"taxonomy":"category","embeddable":true,"href":"https:\/\/hakimiyyet.info.az\/index.php?rest_route=%2Fwp%2Fv2%2Fcategories&post=15668"},{"taxonomy":"post_tag","embeddable":true,"href":"https:\/\/hakimiyyet.info.az\/index.php?rest_route=%2Fwp%2Fv2%2Ftags&post=15668"}],"curies":[{"name":"wp","href":"https:\/\/api.w.org\/{rel}","templated":true}]}}