{"id":15676,"date":"2020-03-17T12:32:17","date_gmt":"2020-03-17T08:32:17","guid":{"rendered":"https:\/\/www.hakimiyyet.com\/?p=15676"},"modified":"2020-03-17T12:32:17","modified_gmt":"2020-03-17T08:32:17","slug":"bu-gun-tokio-2020-nin-taleyin%c9%99-aydinliq-g%c9%99l%c9%99c%c9%99k","status":"publish","type":"post","link":"https:\/\/hakimiyyet.info.az\/?p=15676","title":{"rendered":"Bu g\u00fcn Tokio-2020-nin taleyin\u0259 ayd\u0131nl\u0131q g\u0259l\u0259c\u0259k"},"content":{"rendered":"<p>Bu g\u00fcn Beyn\u0259lxalq Olimpiya Komit\u0259sinin (BOK) prezidenti Tomas Bax idman n\u00f6vl\u0259ri \u00fczr\u0259 beyn\u0259lxalq federasiyalar\u0131n v\u0259 milli olimpiya komit\u0259l\u0259rinin n\u00fcmay\u0259nd\u0259l\u0259ri il\u0259 konfrans ke\u00e7ir\u0259c\u0259k.<\/p>\n<p>Apasport.az sayt\u0131n\u0131n m\u0259lumat\u0131na g\u00f6r\u0259, telefon vasit\u0259sil\u0259 t\u0259\u015fkil olunacaq konfransda koronavirusla ba\u011fl\u0131 v\u0259ziyy\u0259t, h\u0259m\u00e7inin Tokio-2020 Yay Olimpiya Oyunlar\u0131 il\u0259 ba\u011fl\u0131 m\u0259s\u0259l\u0259 m\u00fczakir\u0259 edil\u0259c\u0259k.<\/p>\n<p>BOK, yar\u0131\u015f\u0131n T\u0259\u015fkilat Komit\u0259si v\u0259 Tokio \u015f\u0259h\u0259rinin r\u0259smil\u0259ri pandemiyaya baxmayaraq yar\u0131\u015f\u0131n planla\u015fd\u0131r\u0131ld\u0131\u011f\u0131 vaxt ke\u00e7iril\u0259 bil\u0259c\u0259yini iddia edir. Olimpiada iyulun 24-d\u0259n avqustun 9-d\u0259k ke\u00e7irilm\u0259lidir.<\/p>\n<div id=\"AdviadNativeVideo0\" class=\"AdviadNativeVideo\"><\/div>\n<p>BOK-un Olimpiya Oyunlar\u0131n\u0131 azarke\u015fsiz ke\u00e7irm\u0259k variant\u0131n\u0131 m\u00fczakir\u0259 etdiyi bildirilir. H\u0259m\u00e7inin t\u0259snifat yar\u0131\u015flar\u0131n\u0131n bir \u00e7oxu dayand\u0131r\u0131ld\u0131\u011f\u0131ndan Tokioda i\u015ftirak ed\u0259n idman\u00e7\u0131lar\u0131n da say\u0131 art\u0131r\u0131la bil\u0259r.<\/p>\n<p>Qeyd ed\u0259k ki, bu g\u00fcn UEFA da milli assosiasiyalar v\u0259 dig\u0259r maraql\u0131 t\u0259r\u0259fl\u0259rl\u0259 videokonfrans ke\u00e7ir\u0259c\u0259k. Futboldak\u0131 durumun m\u00fczakir\u0259 olunaca\u011f\u0131 t\u0259dbird\u0259 AVRO-2020, avrokuboklar, h\u0259m\u00e7inin milli \u00e7empionatlarla ba\u011fl\u0131 fikir m\u00fcbadil\u0259si apar\u0131lacaq, b\u0259zi q\u0259rarlar veril\u0259c\u0259k.<\/p>\n","protected":false},"excerpt":{"rendered":"<p>Bu g\u00fcn Beyn\u0259lxalq Olimpiya Komit\u0259sinin (BOK) prezidenti Tomas Bax idman n\u00f6vl\u0259ri \u00fczr\u0259 beyn\u0259lxalq federasiyalar\u0131n v\u0259 milli olimpiya komit\u0259l\u0259rinin n\u00fcmay\u0259nd\u0259l\u0259ri il\u0259&hellip;<\/p>\n","protected":false},"author":1,"featured_media":0,"comment_status":"closed","ping_status":"closed","sticky":false,"template":"","format":"standard","meta":{"om_disable_all_campaigns":false,"_monsterinsights_skip_tracking":false,"_uf_show_specific_survey":0,"_uf_disable_surveys":false,"footnotes":""},"categories":[13],"tags":[],"aioseo_notices":[],"_links":{"self":[{"href":"https:\/\/hakimiyyet.info.az\/index.php?rest_route=\/wp\/v2\/posts\/15676"}],"collection":[{"href":"https:\/\/hakimiyyet.info.az\/index.php?rest_route=\/wp\/v2\/posts"}],"about":[{"href":"https:\/\/hakimiyyet.info.az\/index.php?rest_route=\/wp\/v2\/types\/post"}],"author":[{"embeddable":true,"href":"https:\/\/hakimiyyet.info.az\/index.php?rest_route=\/wp\/v2\/users\/1"}],"replies":[{"embeddable":true,"href":"https:\/\/hakimiyyet.info.az\/index.php?rest_route=%2Fwp%2Fv2%2Fcomments&post=15676"}],"version-history":[{"count":1,"href":"https:\/\/hakimiyyet.info.az\/index.php?rest_route=\/wp\/v2\/posts\/15676\/revisions"}],"predecessor-version":[{"id":15677,"href":"https:\/\/hakimiyyet.info.az\/index.php?rest_route=\/wp\/v2\/posts\/15676\/revisions\/15677"}],"wp:attachment":[{"href":"https:\/\/hakimiyyet.info.az\/index.php?rest_route=%2Fwp%2Fv2%2Fmedia&parent=15676"}],"wp:term":[{"taxonomy":"category","embeddable":true,"href":"https:\/\/hakimiyyet.info.az\/index.php?rest_route=%2Fwp%2Fv2%2Fcategories&post=15676"},{"taxonomy":"post_tag","embeddable":true,"href":"https:\/\/hakimiyyet.info.az\/index.php?rest_route=%2Fwp%2Fv2%2Ftags&post=15676"}],"curies":[{"name":"wp","href":"https:\/\/api.w.org\/{rel}","templated":true}]}}