{"id":15717,"date":"2020-03-18T10:15:16","date_gmt":"2020-03-18T06:15:16","guid":{"rendered":"https:\/\/www.hakimiyyet.com\/?p=15717"},"modified":"2020-03-18T10:15:16","modified_gmt":"2020-03-18T06:15:16","slug":"az%c9%99rbaycanin-ai-olk%c9%99l%c9%99ri-il%c9%99-ticar%c9%99t-dovriyy%c9%99sinin-musb%c9%99t-saldosu-7-azalib","status":"publish","type":"post","link":"https:\/\/hakimiyyet.info.az\/?p=15717","title":{"rendered":"Az\u0259rbaycan\u0131n A\u0130 \u00f6lk\u0259l\u0259ri il\u0259 ticar\u0259t d\u00f6vriyy\u0259sinin m\u00fcsb\u0259t saldosu 7% azal\u0131b"},"content":{"rendered":"<p style=\"font-weight: 400;\"><span style=\"font-style: inherit; font-weight: inherit;\">Bu ilin yanvar-fevral aylar\u0131nda Az\u0259rbaycan\u0131n Avropa \u0130ttifaq\u0131 (A\u0130) \u00f6lk\u0259l\u0259ri il\u0259 apard\u0131\u011f\u0131\u00a0\u00a0ticar\u0259t d\u00f6vriyy\u0259sinin h\u0259cmi 2 440 745,2 min AB\u015e dollar\u0131 t\u0259\u015fkil edib ki, bu da 2019-cu ilin analoji d\u00f6vr\u00fc il\u0259 m\u00fcqayis\u0259d\u0259 90 298,8 min dollar v\u0259 ya 3,6% azd\u0131r.<\/span><\/p>\n<p style=\"font-weight: 400;\"><span style=\"font-style: inherit; font-weight: inherit;\">&#8220;<a href=\"https:\/\/apa.az\/\">APA<\/a>-Economics&#8221;in D\u00f6vl\u0259t G\u00f6mr\u00fck Komit\u0259sinin d\u0259rc etdiyi g\u00f6st\u0259ricil\u0259r \u0259sas\u0131nda apard\u0131\u011f\u0131 hesablamalar\u0131na g\u00f6r\u0259, hesabat d\u00f6vr\u00fcnd\u0259 2019-cu ilin eyni d\u00f6vr\u00fc il\u0259 m\u00fcqayis\u0259d\u0259 ixrac\u0131n h\u0259cmi 5% azalaraq 2 091 531,5 min dollar, idxal\u0131n h\u0259cmi is\u0259 5,9% \u00e7oxalaraq 349 213,8 min dollar t\u0259\u015fkil edib.<\/span><\/p>\n<p style=\"font-weight: 400;\"><span style=\"font-style: inherit; font-weight: inherit;\">Cari ilin ilk iki ay\u0131nda 1 742 317,7 min dollarl\u0131q m\u00fcsb\u0259t ticar\u0259t saldosu yaran\u0131b ki, bu g\u00f6st\u0259rici 2019-cu ilin eyni d\u00f6vr\u00fc il\u0259 m\u00fcqayis\u0259d\u0259 128 984,8 min dollar v\u0259 ya 6,9% azd\u0131r.<\/span><\/p>\n","protected":false},"excerpt":{"rendered":"<p>Bu ilin yanvar-fevral aylar\u0131nda Az\u0259rbaycan\u0131n Avropa \u0130ttifaq\u0131 (A\u0130) \u00f6lk\u0259l\u0259ri il\u0259 apard\u0131\u011f\u0131\u00a0\u00a0ticar\u0259t d\u00f6vriyy\u0259sinin h\u0259cmi 2 440 745,2 min AB\u015e dollar\u0131 t\u0259\u015fkil&hellip;<\/p>\n","protected":false},"author":1,"featured_media":0,"comment_status":"closed","ping_status":"closed","sticky":false,"template":"","format":"standard","meta":{"om_disable_all_campaigns":false,"_monsterinsights_skip_tracking":false,"_uf_show_specific_survey":0,"_uf_disable_surveys":false,"footnotes":""},"categories":[6],"tags":[],"aioseo_notices":[],"_links":{"self":[{"href":"https:\/\/hakimiyyet.info.az\/index.php?rest_route=\/wp\/v2\/posts\/15717"}],"collection":[{"href":"https:\/\/hakimiyyet.info.az\/index.php?rest_route=\/wp\/v2\/posts"}],"about":[{"href":"https:\/\/hakimiyyet.info.az\/index.php?rest_route=\/wp\/v2\/types\/post"}],"author":[{"embeddable":true,"href":"https:\/\/hakimiyyet.info.az\/index.php?rest_route=\/wp\/v2\/users\/1"}],"replies":[{"embeddable":true,"href":"https:\/\/hakimiyyet.info.az\/index.php?rest_route=%2Fwp%2Fv2%2Fcomments&post=15717"}],"version-history":[{"count":1,"href":"https:\/\/hakimiyyet.info.az\/index.php?rest_route=\/wp\/v2\/posts\/15717\/revisions"}],"predecessor-version":[{"id":15718,"href":"https:\/\/hakimiyyet.info.az\/index.php?rest_route=\/wp\/v2\/posts\/15717\/revisions\/15718"}],"wp:attachment":[{"href":"https:\/\/hakimiyyet.info.az\/index.php?rest_route=%2Fwp%2Fv2%2Fmedia&parent=15717"}],"wp:term":[{"taxonomy":"category","embeddable":true,"href":"https:\/\/hakimiyyet.info.az\/index.php?rest_route=%2Fwp%2Fv2%2Fcategories&post=15717"},{"taxonomy":"post_tag","embeddable":true,"href":"https:\/\/hakimiyyet.info.az\/index.php?rest_route=%2Fwp%2Fv2%2Ftags&post=15717"}],"curies":[{"name":"wp","href":"https:\/\/api.w.org\/{rel}","templated":true}]}}