{"id":15866,"date":"2020-03-19T16:02:57","date_gmt":"2020-03-19T12:02:57","guid":{"rendered":"https:\/\/www.hakimiyyet.com\/?p=15866"},"modified":"2020-03-19T16:02:57","modified_gmt":"2020-03-19T12:02:57","slug":"cind%c9%99n-rusiyaya-d%c9%99st%c9%99k-t%c9%99klifi","status":"publish","type":"post","link":"https:\/\/hakimiyyet.info.az\/?p=15866","title":{"rendered":"\u00c7ind\u0259n Rusiyaya d\u0259st\u0259k t\u0259klifi"},"content":{"rendered":"<p><strong>\u00c7in koronavirusla m\u00fcbariz\u0259d\u0259 Rusiyaya yard\u0131m g\u00f6st\u0259rm\u0259y\u0259 haz\u0131r oldu\u011funu b\u0259yan edib.<\/strong><\/p>\n<p><span class=\"red\"><a href=\"http:\/\/teleqraf.com\/\" target=\"_blank\" rel=\"noopener noreferrer\">Teleqraf.com<\/a><\/span>\u00a0x\u0259b\u0259r verir ki, bu bar\u0259d\u0259 \u00c7inin Xarici \u0130\u015fl\u0259r naziri Van \u0130 rusiyal\u0131 h\u0259mkar\u0131 Sergey Lavrovla telefon dan\u0131\u015f\u0131\u011f\u0131 zaman\u0131 deyib.<\/p>\n<p>Onun s\u00f6zl\u0259rin\u0259 g\u00f6r\u0259, \u00c7in Rusiya Federasiyas\u0131na d\u0259rman t\u0259dar\u00fck\u00fcn\u00fc t\u0259\u015fkil etm\u0259y\u0259 haz\u0131rd\u0131r.<\/p>\n<p>\u00c7in X\u0130N r\u0259hb\u0259ri \u00f6lk\u0259sinin Rusiyan\u0131n t\u0259cili ehtiyac duydu\u011fu y\u00fck da\u015f\u0131nmas\u0131 m\u0259s\u0259l\u0259sind\u0259 aktiv yard\u0131m ed\u0259 bil\u0259c\u0259yini s\u00f6yl\u0259yib: \u201cPekin pandemiya il\u0259 m\u00fcbariz\u0259d\u0259 Rusiya il\u0259 \u0259m\u0259kda\u015fl\u0131\u011f\u0131 art\u0131rmaqda maraql\u0131d\u0131r\u201d.<\/p>\n<p>Van \u0130 \u00c7inin ya\u015fad\u0131\u011f\u0131 \u00e7\u0259tin d\u00f6vrl\u0259rd\u0259 g\u00f6st\u0259rdiyi k\u00f6m\u0259y\u0259 g\u00f6r\u0259 Moskvaya t\u0259\u015f\u0259kk\u00fcr edib.<\/p>\n","protected":false},"excerpt":{"rendered":"<p>\u00c7in koronavirusla m\u00fcbariz\u0259d\u0259 Rusiyaya yard\u0131m g\u00f6st\u0259rm\u0259y\u0259 haz\u0131r oldu\u011funu b\u0259yan edib. Teleqraf.com\u00a0x\u0259b\u0259r verir ki, bu bar\u0259d\u0259 \u00c7inin Xarici \u0130\u015fl\u0259r naziri Van&hellip;<\/p>\n","protected":false},"author":2,"featured_media":0,"comment_status":"closed","ping_status":"closed","sticky":false,"template":"","format":"standard","meta":{"om_disable_all_campaigns":false,"_monsterinsights_skip_tracking":false,"_uf_show_specific_survey":0,"_uf_disable_surveys":false,"footnotes":""},"categories":[9,7],"tags":[],"aioseo_notices":[],"_links":{"self":[{"href":"https:\/\/hakimiyyet.info.az\/index.php?rest_route=\/wp\/v2\/posts\/15866"}],"collection":[{"href":"https:\/\/hakimiyyet.info.az\/index.php?rest_route=\/wp\/v2\/posts"}],"about":[{"href":"https:\/\/hakimiyyet.info.az\/index.php?rest_route=\/wp\/v2\/types\/post"}],"author":[{"embeddable":true,"href":"https:\/\/hakimiyyet.info.az\/index.php?rest_route=\/wp\/v2\/users\/2"}],"replies":[{"embeddable":true,"href":"https:\/\/hakimiyyet.info.az\/index.php?rest_route=%2Fwp%2Fv2%2Fcomments&post=15866"}],"version-history":[{"count":1,"href":"https:\/\/hakimiyyet.info.az\/index.php?rest_route=\/wp\/v2\/posts\/15866\/revisions"}],"predecessor-version":[{"id":15867,"href":"https:\/\/hakimiyyet.info.az\/index.php?rest_route=\/wp\/v2\/posts\/15866\/revisions\/15867"}],"wp:attachment":[{"href":"https:\/\/hakimiyyet.info.az\/index.php?rest_route=%2Fwp%2Fv2%2Fmedia&parent=15866"}],"wp:term":[{"taxonomy":"category","embeddable":true,"href":"https:\/\/hakimiyyet.info.az\/index.php?rest_route=%2Fwp%2Fv2%2Fcategories&post=15866"},{"taxonomy":"post_tag","embeddable":true,"href":"https:\/\/hakimiyyet.info.az\/index.php?rest_route=%2Fwp%2Fv2%2Ftags&post=15866"}],"curies":[{"name":"wp","href":"https:\/\/api.w.org\/{rel}","templated":true}]}}