{"id":15868,"date":"2020-03-19T16:06:33","date_gmt":"2020-03-19T12:06:33","guid":{"rendered":"https:\/\/www.hakimiyyet.com\/?p=15868"},"modified":"2020-03-19T16:06:33","modified_gmt":"2020-03-19T12:06:33","slug":"auditorlar-palatasinda-v%c9%99t%c9%99ndas-q%c9%99bulu-muv%c9%99qq%c9%99ti-m%c9%99hdudlasdirilib","status":"publish","type":"post","link":"https:\/\/hakimiyyet.info.az\/?p=15868","title":{"rendered":"Auditorlar Palatas\u0131nda v\u0259t\u0259nda\u015f q\u0259bulu m\u00fcv\u0259qq\u0259ti m\u0259hdudla\u015fd\u0131r\u0131l\u0131b"},"content":{"rendered":"<p>Auditorlar Palatas\u0131 v\u0259t\u0259nda\u015flara m\u00fcraci\u0259t edib.<\/p>\n<p>Palatadan\u00a0<a class=\"azertac-link\" href=\"https:\/\/azertag.az\/\" target=\"_blank\" rel=\"noopener noreferrer\">AZ\u018fRTAC<\/a>-a bildirilib ki, koronavirus (COVID-19) infeksiyas\u0131na qar\u015f\u0131 m\u00fcbariz\u0259nin t\u0259\u015fkili m\u0259qs\u0259dil\u0259 Auditorlar Palatas\u0131n\u0131n inzibati binas\u0131nda v\u0259t\u0259nda\u015f q\u0259bulunun m\u00fcv\u0259qq\u0259ti olaraq m\u0259hdudla\u015fd\u0131r\u0131lmas\u0131 m\u0259qs\u0259d\u0259m\u00fcvafiq hesab edilib. V\u0259t\u0259nda\u015flardan m\u00fcraci\u0259tl\u0259rini Auditorlar Palatas\u0131n\u0131n \u201caudit.gov.az\u201d r\u0259smi sayt\u0131na (onlayn \u00e7at sistemi), \u201caudit-azerbaijan@audit.gov.az\u201d elektron po\u00e7t \u00fcnvan\u0131na, \u201cFacebook\u201d v\u0259 \u201cInstagram\u201d s\u0259hif\u0259l\u0259rin\u0259 y\u00f6nl\u0259ndirm\u0259l\u0259ri xahi\u015f olunur.<\/p>\n<div id=\"adsGardenCloud0158461948185996\">\n<div class=\"inpage\">\n<div class=\"inpage-wrap\">\n<div class=\"inpage-video\">\n<div id=\"adsgarden2019video\" class=\"video-js vjs5-hola-skin vjs-controls-disabled vjs-workinghover vjs-small adsgarden2019video-dimensions vjs-has-started vjs-ima-ad vjs-pos-started vjs-paused vjs-ad-playing vjs-user-inactive\" role=\"region\" data-fb-disable-controls=\"\" aria-label=\"video player\">\n<div class=\"vjs-menu vjs-settings-menu\" role=\"presentation\">\n<div class=\"vjs-menu-content vjs-speed-submenu\" role=\"menu\"><\/div>\n<div class=\"vjs-menu-content vjs-captions-submenu\" role=\"menu\"><\/div>\n<div class=\"vjs-menu-content vjs-quality-submenu\" role=\"menu\"><\/div>\n<\/div>\n<div id=\"adsgarden2019video_ima-ad-container\" class=\"adsgarden2019video_ima-ad-container ima-ad-container\">\n<div><\/div>\n<\/div>\n<\/div>\n<\/div>\n<\/div>\n<\/div>\n<\/div>\n<p>Tel.: (012) 498 28 55<\/p>\n<p>Mob.: (055) 727 74 77<\/p>\n","protected":false},"excerpt":{"rendered":"<p>Auditorlar Palatas\u0131 v\u0259t\u0259nda\u015flara m\u00fcraci\u0259t edib. Palatadan\u00a0AZ\u018fRTAC-a bildirilib ki, koronavirus (COVID-19) infeksiyas\u0131na qar\u015f\u0131 m\u00fcbariz\u0259nin t\u0259\u015fkili m\u0259qs\u0259dil\u0259 Auditorlar Palatas\u0131n\u0131n inzibati binas\u0131nda v\u0259t\u0259nda\u015f&hellip;<\/p>\n","protected":false},"author":2,"featured_media":0,"comment_status":"closed","ping_status":"closed","sticky":false,"template":"","format":"standard","meta":{"om_disable_all_campaigns":false,"_monsterinsights_skip_tracking":false,"_uf_show_specific_survey":0,"_uf_disable_surveys":false,"footnotes":""},"categories":[2,5],"tags":[],"aioseo_notices":[],"_links":{"self":[{"href":"https:\/\/hakimiyyet.info.az\/index.php?rest_route=\/wp\/v2\/posts\/15868"}],"collection":[{"href":"https:\/\/hakimiyyet.info.az\/index.php?rest_route=\/wp\/v2\/posts"}],"about":[{"href":"https:\/\/hakimiyyet.info.az\/index.php?rest_route=\/wp\/v2\/types\/post"}],"author":[{"embeddable":true,"href":"https:\/\/hakimiyyet.info.az\/index.php?rest_route=\/wp\/v2\/users\/2"}],"replies":[{"embeddable":true,"href":"https:\/\/hakimiyyet.info.az\/index.php?rest_route=%2Fwp%2Fv2%2Fcomments&post=15868"}],"version-history":[{"count":1,"href":"https:\/\/hakimiyyet.info.az\/index.php?rest_route=\/wp\/v2\/posts\/15868\/revisions"}],"predecessor-version":[{"id":15869,"href":"https:\/\/hakimiyyet.info.az\/index.php?rest_route=\/wp\/v2\/posts\/15868\/revisions\/15869"}],"wp:attachment":[{"href":"https:\/\/hakimiyyet.info.az\/index.php?rest_route=%2Fwp%2Fv2%2Fmedia&parent=15868"}],"wp:term":[{"taxonomy":"category","embeddable":true,"href":"https:\/\/hakimiyyet.info.az\/index.php?rest_route=%2Fwp%2Fv2%2Fcategories&post=15868"},{"taxonomy":"post_tag","embeddable":true,"href":"https:\/\/hakimiyyet.info.az\/index.php?rest_route=%2Fwp%2Fv2%2Ftags&post=15868"}],"curies":[{"name":"wp","href":"https:\/\/api.w.org\/{rel}","templated":true}]}}