{"id":16011,"date":"2020-03-22T11:27:56","date_gmt":"2020-03-22T07:27:56","guid":{"rendered":"https:\/\/www.hakimiyyet.com\/?p=16011"},"modified":"2020-03-22T11:27:56","modified_gmt":"2020-03-22T07:27:56","slug":"erm%c9%99nistan-prezidenti-dagliq-qarabaga-g%c9%99lib","status":"publish","type":"post","link":"https:\/\/hakimiyyet.info.az\/?p=16011","title":{"rendered":"Erm\u0259nistan prezidenti Da\u011fl\u0131q Qaraba\u011fa g\u0259lib"},"content":{"rendered":"<p>Erm\u0259nistan prezidenti Armen Sarkisyan Az\u0259rbaycan\u0131n i\u015f\u011fal olunmu\u015f torpaqlar\u0131na g\u0259lib.<\/p>\n<p><a href=\"https:\/\/apa.az\/\" target=\"_blank\" rel=\"noopener noreferrer\">APA<\/a>\u00a0\u201cR\u0130A Novosti\u201dy\u0259 istinad\u0259n x\u0259b\u0259r verir ki, A.Sarkisyan Xank\u0259ndid\u0259 separat\u00e7\u0131 rejimin ba\u015f\u00e7\u0131s\u0131 Bako Saakyanla g\u00f6r\u00fc\u015f\u00fcb.<\/p>\n<p>Bildirilir ki, t\u0259r\u0259fl\u0259r koronavirus infeksiyas\u0131, onun qar\u015f\u0131s\u0131n\u0131n al\u0131nmas\u0131 \u0259traf\u0131nda yaranm\u0131\u015f v\u0259ziyy\u0259ti m\u00fczakir\u0259 edibl\u0259r.<\/p>\n","protected":false},"excerpt":{"rendered":"<p>Erm\u0259nistan prezidenti Armen Sarkisyan Az\u0259rbaycan\u0131n i\u015f\u011fal olunmu\u015f torpaqlar\u0131na g\u0259lib. APA\u00a0\u201cR\u0130A Novosti\u201dy\u0259 istinad\u0259n x\u0259b\u0259r verir ki, A.Sarkisyan Xank\u0259ndid\u0259 separat\u00e7\u0131 rejimin ba\u015f\u00e7\u0131s\u0131&hellip;<\/p>\n","protected":false},"author":1,"featured_media":0,"comment_status":"closed","ping_status":"closed","sticky":false,"template":"","format":"standard","meta":{"om_disable_all_campaigns":false,"_monsterinsights_skip_tracking":false,"_uf_show_specific_survey":0,"_uf_disable_surveys":false,"footnotes":""},"categories":[23,7,5],"tags":[],"aioseo_notices":[],"_links":{"self":[{"href":"https:\/\/hakimiyyet.info.az\/index.php?rest_route=\/wp\/v2\/posts\/16011"}],"collection":[{"href":"https:\/\/hakimiyyet.info.az\/index.php?rest_route=\/wp\/v2\/posts"}],"about":[{"href":"https:\/\/hakimiyyet.info.az\/index.php?rest_route=\/wp\/v2\/types\/post"}],"author":[{"embeddable":true,"href":"https:\/\/hakimiyyet.info.az\/index.php?rest_route=\/wp\/v2\/users\/1"}],"replies":[{"embeddable":true,"href":"https:\/\/hakimiyyet.info.az\/index.php?rest_route=%2Fwp%2Fv2%2Fcomments&post=16011"}],"version-history":[{"count":1,"href":"https:\/\/hakimiyyet.info.az\/index.php?rest_route=\/wp\/v2\/posts\/16011\/revisions"}],"predecessor-version":[{"id":16012,"href":"https:\/\/hakimiyyet.info.az\/index.php?rest_route=\/wp\/v2\/posts\/16011\/revisions\/16012"}],"wp:attachment":[{"href":"https:\/\/hakimiyyet.info.az\/index.php?rest_route=%2Fwp%2Fv2%2Fmedia&parent=16011"}],"wp:term":[{"taxonomy":"category","embeddable":true,"href":"https:\/\/hakimiyyet.info.az\/index.php?rest_route=%2Fwp%2Fv2%2Fcategories&post=16011"},{"taxonomy":"post_tag","embeddable":true,"href":"https:\/\/hakimiyyet.info.az\/index.php?rest_route=%2Fwp%2Fv2%2Ftags&post=16011"}],"curies":[{"name":"wp","href":"https:\/\/api.w.org\/{rel}","templated":true}]}}