{"id":16346,"date":"2020-03-25T20:41:17","date_gmt":"2020-03-25T16:41:17","guid":{"rendered":"https:\/\/www.hakimiyyet.com\/?p=16346"},"modified":"2020-03-25T20:41:17","modified_gmt":"2020-03-25T16:41:17","slug":"qaradagda-operativ-iclas-noqsanlar-buraxilmis-v%c9%99zif%c9%99li-s%c9%99xsl%c9%99r-c%c9%99zalandirildi","status":"publish","type":"post","link":"https:\/\/hakimiyyet.info.az\/?p=16346","title":{"rendered":"Qarada\u011fda operativ iclas &#8211; N\u00f6qsanlar burax\u0131lm\u0131\u015f v\u0259zif\u0259li \u015f\u0259xsl\u0259r c\u0259zaland\u0131r\u0131ld\u0131"},"content":{"rendered":"<p>24 mart 2020-ci il tarixind\u0259 Qarada\u011f Rayon \u0130cra Hakimiyy\u0259tind\u0259 S\u00fcleyman Mikay\u0131lovun s\u0259drliyi il\u0259 14 mart 2020-ci il tarixind\u0259 yarad\u0131lm\u0131\u015f x\u00fcsusi q\u0259rargah\u0131n rayon \u0259razisind\u0259 apar\u0131lan dezinfeksiya i\u015fl\u0259rin\u0259 h\u0259sr olunmu\u015f m\u00fc\u015favir\u0259si ke\u00e7irilib.<\/p>\n<p>Qarada\u011f Rayon \u0130cra Hakimiyy\u0259tind\u0259n Trend-\u0259 veril\u0259n m\u0259lumata g\u00f6r\u0259, m\u00fc\u015favir\u0259 zaman\u0131 qeyd edilib ki, rayon \u0259razisind\u0259 g\u00fcnd\u0259lik geni\u015fmiqyasl\u0131 dezinfeksiya i\u015fl\u0259ri apar\u0131l\u0131r v\u0259 bu i\u015fl\u0259r\u0259 n\u0259zar\u0259t m\u0259qs\u0259di il\u0259 monitorinql\u0259r ke\u00e7irilir. Bildirilib ki, rayonun L\u00f6kbatan v\u0259 \u018fl\u0259t q\u0259s\u0259b\u0259l\u0259rind\u0259 ciddi n\u00f6qsanlar burax\u0131l\u0131b v\u0259 bu q\u0259s\u0259b\u0259l\u0259rd\u0259 apar\u0131lan dezinfeksiya i\u015fl\u0259ri qeyri-q\u0259na\u0259tb\u0259x\u015f hesab olunub.<\/p>\n<p>Rayon \u0259razisind\u0259 apar\u0131lan dezinfeksiya i\u015fl\u0259rind\u0259 burax\u0131lm\u0131\u015f n\u00f6qsanlara g\u00f6r\u0259 rayon \u0130cra hakimiyy\u0259ti ba\u015f\u00e7\u0131s\u0131n\u0131n birinci m\u00fcavini Emil Abbasova v\u0259 L\u00f6kbatan q\u0259s\u0259b\u0259 n\u00fcmay\u0259nd\u0259si \u0130lham Yusifova t\u00f6hm\u0259t verilib, \u018fl\u0259t q\u0259s\u0259b\u0259 n\u00fcmay\u0259nd\u0259si Eldar \u0130brahimov tutdu\u011fu v\u0259zif\u0259d\u0259n azad edilib.<\/p>\n<p>Qarada\u011f rayonunun q\u0259s\u0259b\u0259l\u0259rind\u0259 g\u00fcnd\u0259lik apar\u0131lan dezinfeksiya i\u015fl\u0259ri ciddi m\u00fczakir\u0259 olunub, m\u00f6vcud olan n\u00f6qsan v\u0259 \u00e7at\u0131\u015fmazl\u0131qlar t\u0259hlil edilib. Daha sonra m\u00f6vcud olan n\u00f6qsanlar\u0131n aradan qald\u0131r\u0131lmas\u0131 \u00fc\u00e7\u00fcn m\u00fcvafiq tap\u015f\u0131r\u0131qlar verilmi\u015f v\u0259 ciddi \u015f\u0259kild\u0259 bildirilib ki, g\u0259l\u0259c\u0259kd\u0259 \u00f6z i\u015fl\u0259rind\u0259 n\u00f6qsanlara yol vermi\u015f \u015f\u0259xsl\u0259r c\u0259zaland\u0131r\u0131lacaqlar.<\/p>\n","protected":false},"excerpt":{"rendered":"<p>24 mart 2020-ci il tarixind\u0259 Qarada\u011f Rayon \u0130cra Hakimiyy\u0259tind\u0259 S\u00fcleyman Mikay\u0131lovun s\u0259drliyi il\u0259 14 mart 2020-ci il tarixind\u0259 yarad\u0131lm\u0131\u015f x\u00fcsusi&hellip;<\/p>\n","protected":false},"author":2,"featured_media":0,"comment_status":"closed","ping_status":"closed","sticky":false,"template":"","format":"standard","meta":{"om_disable_all_campaigns":false,"_monsterinsights_skip_tracking":false,"_uf_show_specific_survey":0,"_uf_disable_surveys":false,"footnotes":""},"categories":[23,2,7,4],"tags":[],"aioseo_notices":[],"_links":{"self":[{"href":"https:\/\/hakimiyyet.info.az\/index.php?rest_route=\/wp\/v2\/posts\/16346"}],"collection":[{"href":"https:\/\/hakimiyyet.info.az\/index.php?rest_route=\/wp\/v2\/posts"}],"about":[{"href":"https:\/\/hakimiyyet.info.az\/index.php?rest_route=\/wp\/v2\/types\/post"}],"author":[{"embeddable":true,"href":"https:\/\/hakimiyyet.info.az\/index.php?rest_route=\/wp\/v2\/users\/2"}],"replies":[{"embeddable":true,"href":"https:\/\/hakimiyyet.info.az\/index.php?rest_route=%2Fwp%2Fv2%2Fcomments&post=16346"}],"version-history":[{"count":1,"href":"https:\/\/hakimiyyet.info.az\/index.php?rest_route=\/wp\/v2\/posts\/16346\/revisions"}],"predecessor-version":[{"id":16347,"href":"https:\/\/hakimiyyet.info.az\/index.php?rest_route=\/wp\/v2\/posts\/16346\/revisions\/16347"}],"wp:attachment":[{"href":"https:\/\/hakimiyyet.info.az\/index.php?rest_route=%2Fwp%2Fv2%2Fmedia&parent=16346"}],"wp:term":[{"taxonomy":"category","embeddable":true,"href":"https:\/\/hakimiyyet.info.az\/index.php?rest_route=%2Fwp%2Fv2%2Fcategories&post=16346"},{"taxonomy":"post_tag","embeddable":true,"href":"https:\/\/hakimiyyet.info.az\/index.php?rest_route=%2Fwp%2Fv2%2Ftags&post=16346"}],"curies":[{"name":"wp","href":"https:\/\/api.w.org\/{rel}","templated":true}]}}