{"id":16369,"date":"2020-03-25T23:40:52","date_gmt":"2020-03-25T19:40:52","guid":{"rendered":"https:\/\/www.hakimiyyet.com\/?p=16369"},"modified":"2020-03-25T23:40:52","modified_gmt":"2020-03-25T19:40:52","slug":"turkiy%c9%99d%c9%99-aprelin-30-d%c9%99k-d%c9%99rsl%c9%99r-distant-yolla-keciril%c9%99c%c9%99k","status":"publish","type":"post","link":"https:\/\/hakimiyyet.info.az\/?p=16369","title":{"rendered":"T\u00fcrkiy\u0259d\u0259 aprelin 30-d\u0259k d\u0259rsl\u0259r distant yolla ke\u00e7iril\u0259c\u0259k"},"content":{"rendered":"<p>T\u00fcrkiy\u0259nin S\u0259hiyy\u0259 naziri Fahrettin Koca v\u0259 Milli T\u0259hsil naziri Ziya S\u0259lcuk yeni n\u00f6v koronavirusla (COVID-19) ba\u011fl\u0131 v\u0259ziyy\u0259t, bununla \u0259laq\u0259dar \u00f6lk\u0259nin t\u0259hsil sisteminin idar\u0259 olunmas\u0131na dair birg\u0259 m\u0259tbuat konfrans\u0131 ke\u00e7iribl\u0259r.<\/p>\n<p><a class=\"azertac-link\" href=\"https:\/\/azertag.az\/\" target=\"_blank\" rel=\"noopener noreferrer\">AZ\u018fRTAC<\/a>\u00a0x\u0259b\u0259r verir ki, nazirl\u0259r d\u00fcnyada s\u00fcr\u0259tl\u0259 yay\u0131lan virusun T\u00fcrkiy\u0259d\u0259 tam n\u0259zar\u0259t alt\u0131nda oldu\u011funu \u0259minlikl\u0259 bildiribl\u0259r.<\/p>\n<p>Diqq\u0259t\u0259 \u00e7atd\u0131r\u0131l\u0131b ki, haz\u0131rda t\u0259hsil m\u00fc\u0259ssis\u0259l\u0259rinin ba\u011fl\u0131 olmas\u0131 t\u0259til kimi q\u0259bul edilm\u0259m\u0259lidir. T\u00fcrkiy\u0259 h\u00f6kum\u0259ti d\u0259rsl\u0259rin televiziya v\u0259 internet \u00fcz\u0259rind\u0259n distant yolla ke\u00e7irilm\u0259sini t\u0259min edib. Bu proses aprelin 30-d\u0259k davam ed\u0259c\u0259k.<\/p>\n<p>Qeyd ed\u0259k ki, T\u00fcrkiy\u0259nin orta m\u0259kt\u0259bl\u0259rind\u0259 apreld\u0259 n\u0259z\u0259rd\u0259 tutulan t\u0259tilin vaxt\u0131 m\u0259lum infeksiya s\u0259b\u0259bind\u0259n 16-23 mart tarixl\u0259rin\u0259 ir\u0259li \u00e7\u0259kilib. Mart\u0131n 23-d\u0259n etibar\u0259n d\u0259rsl\u0259rin televiziya v\u0259 internet \u00fcz\u0259rind\u0259n ke\u00e7irilm\u0259sin\u0259 ba\u015flan\u0131b.<\/p>\n<p><em><strong>Sabir \u015eahtaxt\u0131<\/strong><\/em><\/p>\n<p><em><strong><a class=\"azertac-link\" href=\"https:\/\/azertag.az\/\" target=\"_blank\" rel=\"noopener noreferrer\">AZ\u018fRTAC<\/a>-\u0131n x\u00fcsusi m\u00fcxbiri<\/strong><\/em><\/p>\n<p><em><strong>Ankara<\/strong><\/em><\/p>\n","protected":false},"excerpt":{"rendered":"<p>T\u00fcrkiy\u0259nin S\u0259hiyy\u0259 naziri Fahrettin Koca v\u0259 Milli T\u0259hsil naziri Ziya S\u0259lcuk yeni n\u00f6v koronavirusla (COVID-19) ba\u011fl\u0131 v\u0259ziyy\u0259t, bununla \u0259laq\u0259dar \u00f6lk\u0259nin&hellip;<\/p>\n","protected":false},"author":2,"featured_media":0,"comment_status":"closed","ping_status":"closed","sticky":false,"template":"","format":"standard","meta":{"om_disable_all_campaigns":false,"_monsterinsights_skip_tracking":false,"_uf_show_specific_survey":0,"_uf_disable_surveys":false,"footnotes":""},"categories":[9],"tags":[],"aioseo_notices":[],"_links":{"self":[{"href":"https:\/\/hakimiyyet.info.az\/index.php?rest_route=\/wp\/v2\/posts\/16369"}],"collection":[{"href":"https:\/\/hakimiyyet.info.az\/index.php?rest_route=\/wp\/v2\/posts"}],"about":[{"href":"https:\/\/hakimiyyet.info.az\/index.php?rest_route=\/wp\/v2\/types\/post"}],"author":[{"embeddable":true,"href":"https:\/\/hakimiyyet.info.az\/index.php?rest_route=\/wp\/v2\/users\/2"}],"replies":[{"embeddable":true,"href":"https:\/\/hakimiyyet.info.az\/index.php?rest_route=%2Fwp%2Fv2%2Fcomments&post=16369"}],"version-history":[{"count":1,"href":"https:\/\/hakimiyyet.info.az\/index.php?rest_route=\/wp\/v2\/posts\/16369\/revisions"}],"predecessor-version":[{"id":16370,"href":"https:\/\/hakimiyyet.info.az\/index.php?rest_route=\/wp\/v2\/posts\/16369\/revisions\/16370"}],"wp:attachment":[{"href":"https:\/\/hakimiyyet.info.az\/index.php?rest_route=%2Fwp%2Fv2%2Fmedia&parent=16369"}],"wp:term":[{"taxonomy":"category","embeddable":true,"href":"https:\/\/hakimiyyet.info.az\/index.php?rest_route=%2Fwp%2Fv2%2Fcategories&post=16369"},{"taxonomy":"post_tag","embeddable":true,"href":"https:\/\/hakimiyyet.info.az\/index.php?rest_route=%2Fwp%2Fv2%2Ftags&post=16369"}],"curies":[{"name":"wp","href":"https:\/\/api.w.org\/{rel}","templated":true}]}}