{"id":16371,"date":"2020-03-25T23:45:29","date_gmt":"2020-03-25T19:45:29","guid":{"rendered":"https:\/\/www.hakimiyyet.com\/?p=16371"},"modified":"2020-03-25T23:45:29","modified_gmt":"2020-03-25T19:45:29","slug":"donald-tramp-pandemiya-il%c9%99-mubariz%c9%99d%c9%99-c%c9%99nubi-koreyadan-d%c9%99st%c9%99k-ist%c9%99yib","status":"publish","type":"post","link":"https:\/\/hakimiyyet.info.az\/?p=16371","title":{"rendered":"Donald Tramp pandemiya il\u0259 m\u00fcbariz\u0259d\u0259 C\u0259nubi Koreyadan d\u0259st\u0259k ist\u0259yib"},"content":{"rendered":"<p>AB\u015e yeni n\u00f6v koronavirus (COVID-19) pandemiyas\u0131 il\u0259 m\u00fcbariz\u0259d\u0259 istifad\u0259 etm\u0259k \u00fc\u00e7\u00fcn C\u0259nubi Koreyadan tibbi l\u0259vazimatlar g\u00f6nd\u0259rilm\u0259sini ist\u0259yib.<\/p>\n<p><a class=\"azertac-link\" href=\"https:\/\/azertag.az\/\" target=\"_blank\" rel=\"noopener noreferrer\">AZ\u018fRTAC<\/a>\u00a0&#8220;The Korea Times&#8221; q\u0259zetin\u0259 istinadla x\u0259b\u0259r verir ki, AB\u015e Prezidenti Donald Tramp C\u0259nubi Koreyan\u0131n d\u00f6vl\u0259t ba\u015f\u00e7\u0131s\u0131 Mun Ce-inl\u0259 telefon dan\u0131\u015f\u0131\u011f\u0131 zaman\u0131 bel\u0259 bir ist\u0259yini dil\u0259 g\u0259tirib. C\u0259nubi Koreyan\u0131n Prezident ofisinin a\u00e7\u0131qlamas\u0131na \u0259sas\u0259n, Mun Ce-in \u00f6lk\u0259sinin imkanlar\u0131 daxilind\u0259 Birl\u0259\u015fmi\u015f \u015etatlara maksimum d\u0259st\u0259k ver\u0259c\u0259yini deyib. C\u0259nubi Koreya lideri laz\u0131mi tibbi l\u0259vazimatlar\u0131 g\u00f6nd\u0259rm\u0259k \u00fc\u00e7\u00fcn AB\u015e-\u0131n \u018frzaq v\u0259 D\u0259rman Administrasiyas\u0131n\u0131n m\u00fcvafiq raz\u0131l\u0131\u011f\u0131na g\u0259r\u0259k oldu\u011funu, Donald Tramp is\u0259 \u00f6z n\u00f6vb\u0259sind\u0259 bu m\u0259s\u0259l\u0259y\u0259 dair \u0259n q\u0131sa zamanda f\u0259aliyy\u0259t\u0259 ba\u015flaya bil\u0259c\u0259yini deyib.<\/p>\n<p>AB\u015e v\u0259 C\u0259nubi Koreya liderl\u0259ri aras\u0131nda bu il ilk d\u0259f\u0259 ba\u015f tutan telefon dan\u0131\u015f\u0131\u011f\u0131 zaman\u0131 Donald Tramp C\u0259nubi Koreyada infeksiyan\u0131n yay\u0131lmas\u0131 v\u0259ziyy\u0259ti il\u0259 maraqlan\u0131b v\u0259 Seulun virusun yay\u0131lmas\u0131n\u0131n qar\u015f\u0131s\u0131n\u0131n al\u0131nmas\u0131nda \u00e7ox yax\u015f\u0131 i\u015fl\u0259r g\u00f6rd\u00fcy\u00fcn\u00fc deyib.<\/p>\n<p>Qeyd ed\u0259k ki, C\u0259nubi Koreya \u00f6z\u00fcn\u00fcn tibbi analiz imkanlar\u0131ndan yararlanaraq virusun yay\u0131lmas\u0131na qar\u015f\u0131 g\u00f6rd\u00fcy\u00fc t\u0259dbirl\u0259rl\u0259 b\u00fct\u00fcn d\u00fcnyada r\u0259\u011fb\u0259t qazan\u0131b. Seul analiz d\u0259stl\u0259rini bir ne\u00e7\u0259 \u00f6lk\u0259y\u0259 d\u0259 t\u0259qdim edib.<\/p>\n<p><em><strong>\u015eahin C\u0259f\u0259rov<\/strong><\/em><\/p>\n<p><em><strong><a class=\"azertac-link\" href=\"https:\/\/azertag.az\/\" target=\"_blank\" rel=\"noopener noreferrer\">AZ\u018fRTAC<\/a>-\u0131n x\u00fcsusi m\u00fcxbiri<\/strong><\/em><\/p>\n<p><em><strong>Pekin<\/strong><\/em><\/p>\n","protected":false},"excerpt":{"rendered":"<p>AB\u015e yeni n\u00f6v koronavirus (COVID-19) pandemiyas\u0131 il\u0259 m\u00fcbariz\u0259d\u0259 istifad\u0259 etm\u0259k \u00fc\u00e7\u00fcn C\u0259nubi Koreyadan tibbi l\u0259vazimatlar g\u00f6nd\u0259rilm\u0259sini ist\u0259yib. AZ\u018fRTAC\u00a0&#8220;The Korea Times&#8221;&hellip;<\/p>\n","protected":false},"author":2,"featured_media":0,"comment_status":"closed","ping_status":"closed","sticky":false,"template":"","format":"standard","meta":{"om_disable_all_campaigns":false,"_monsterinsights_skip_tracking":false,"_uf_show_specific_survey":0,"_uf_disable_surveys":false,"footnotes":""},"categories":[9,7],"tags":[],"aioseo_notices":[],"_links":{"self":[{"href":"https:\/\/hakimiyyet.info.az\/index.php?rest_route=\/wp\/v2\/posts\/16371"}],"collection":[{"href":"https:\/\/hakimiyyet.info.az\/index.php?rest_route=\/wp\/v2\/posts"}],"about":[{"href":"https:\/\/hakimiyyet.info.az\/index.php?rest_route=\/wp\/v2\/types\/post"}],"author":[{"embeddable":true,"href":"https:\/\/hakimiyyet.info.az\/index.php?rest_route=\/wp\/v2\/users\/2"}],"replies":[{"embeddable":true,"href":"https:\/\/hakimiyyet.info.az\/index.php?rest_route=%2Fwp%2Fv2%2Fcomments&post=16371"}],"version-history":[{"count":1,"href":"https:\/\/hakimiyyet.info.az\/index.php?rest_route=\/wp\/v2\/posts\/16371\/revisions"}],"predecessor-version":[{"id":16372,"href":"https:\/\/hakimiyyet.info.az\/index.php?rest_route=\/wp\/v2\/posts\/16371\/revisions\/16372"}],"wp:attachment":[{"href":"https:\/\/hakimiyyet.info.az\/index.php?rest_route=%2Fwp%2Fv2%2Fmedia&parent=16371"}],"wp:term":[{"taxonomy":"category","embeddable":true,"href":"https:\/\/hakimiyyet.info.az\/index.php?rest_route=%2Fwp%2Fv2%2Fcategories&post=16371"},{"taxonomy":"post_tag","embeddable":true,"href":"https:\/\/hakimiyyet.info.az\/index.php?rest_route=%2Fwp%2Fv2%2Ftags&post=16371"}],"curies":[{"name":"wp","href":"https:\/\/api.w.org\/{rel}","templated":true}]}}