{"id":16522,"date":"2020-03-27T23:11:53","date_gmt":"2020-03-27T19:11:53","guid":{"rendered":"https:\/\/www.hakimiyyet.com\/?p=16522"},"modified":"2020-03-27T23:11:53","modified_gmt":"2020-03-27T19:11:53","slug":"nato-ya-yeni-uzv-q%c9%99bul-edildi","status":"publish","type":"post","link":"https:\/\/hakimiyyet.info.az\/?p=16522","title":{"rendered":"NATO-ya yeni \u00fczv q\u0259bul edildi"},"content":{"rendered":"<p><strong>\u015eimali Makedoniya \u015eimali Atlantika M\u00fcqavil\u0259si T\u0259\u015fkilat\u0131na (NATO) qo\u015fulan 30-cu \u00f6lk\u0259 oldu, bayra\u011f\u0131 mart\u0131n 30-da Alyans\u0131n Br\u00fcsseld\u0259ki m\u0259nzil q\u0259rargah\u0131n\u0131n qar\u015f\u0131s\u0131nda qald\u0131r\u0131lacaq.<\/strong><\/p>\n<p>Bu bar\u0259d\u0259 AB\u015e d\u00f6vl\u0259t katibi Maykl Pompeo t\u0259r\u0259find\u0259n yay\u0131lm\u0131\u015f yaz\u0131l\u0131 a\u00e7\u0131qlamada deyilir.<\/p>\n<p>\u201c27 Mart 2020-ci ild\u0259 AB\u015e m\u00fcqavil\u0259nin depozitarisi olaraq \u015eimali Makedoniya Respublikas\u0131n\u0131n \u015eimali Atlantika M\u00fcqavil\u0259sin\u0259 qo\u015fulmas\u0131na dair s\u0259n\u0259d al\u0131b. Bu s\u0259n\u0259d \u015eimali Makedoniyan\u0131 NATO-nun 30-cu m\u00fctt\u0259fiqi edib. Mart\u0131n 30-da \u015eimali Makedoniya bayra\u011f\u0131 NATO q\u0259rargah\u0131n\u0131n qar\u015f\u0131s\u0131nda qald\u0131r\u0131lacaq\u201d &#8211; dey\u0259, m\u0259lumatda qeyd olunub.(Report)<\/p>\n","protected":false},"excerpt":{"rendered":"<p>\u015eimali Makedoniya \u015eimali Atlantika M\u00fcqavil\u0259si T\u0259\u015fkilat\u0131na (NATO) qo\u015fulan 30-cu \u00f6lk\u0259 oldu, bayra\u011f\u0131 mart\u0131n 30-da Alyans\u0131n Br\u00fcsseld\u0259ki m\u0259nzil q\u0259rargah\u0131n\u0131n qar\u015f\u0131s\u0131nda qald\u0131r\u0131lacaq.&hellip;<\/p>\n","protected":false},"author":2,"featured_media":0,"comment_status":"closed","ping_status":"closed","sticky":false,"template":"","format":"standard","meta":{"om_disable_all_campaigns":false,"_monsterinsights_skip_tracking":false,"_uf_show_specific_survey":0,"_uf_disable_surveys":false,"footnotes":""},"categories":[9],"tags":[],"aioseo_notices":[],"_links":{"self":[{"href":"https:\/\/hakimiyyet.info.az\/index.php?rest_route=\/wp\/v2\/posts\/16522"}],"collection":[{"href":"https:\/\/hakimiyyet.info.az\/index.php?rest_route=\/wp\/v2\/posts"}],"about":[{"href":"https:\/\/hakimiyyet.info.az\/index.php?rest_route=\/wp\/v2\/types\/post"}],"author":[{"embeddable":true,"href":"https:\/\/hakimiyyet.info.az\/index.php?rest_route=\/wp\/v2\/users\/2"}],"replies":[{"embeddable":true,"href":"https:\/\/hakimiyyet.info.az\/index.php?rest_route=%2Fwp%2Fv2%2Fcomments&post=16522"}],"version-history":[{"count":1,"href":"https:\/\/hakimiyyet.info.az\/index.php?rest_route=\/wp\/v2\/posts\/16522\/revisions"}],"predecessor-version":[{"id":16523,"href":"https:\/\/hakimiyyet.info.az\/index.php?rest_route=\/wp\/v2\/posts\/16522\/revisions\/16523"}],"wp:attachment":[{"href":"https:\/\/hakimiyyet.info.az\/index.php?rest_route=%2Fwp%2Fv2%2Fmedia&parent=16522"}],"wp:term":[{"taxonomy":"category","embeddable":true,"href":"https:\/\/hakimiyyet.info.az\/index.php?rest_route=%2Fwp%2Fv2%2Fcategories&post=16522"},{"taxonomy":"post_tag","embeddable":true,"href":"https:\/\/hakimiyyet.info.az\/index.php?rest_route=%2Fwp%2Fv2%2Ftags&post=16522"}],"curies":[{"name":"wp","href":"https:\/\/api.w.org\/{rel}","templated":true}]}}