{"id":16532,"date":"2020-03-27T23:31:59","date_gmt":"2020-03-27T19:31:59","guid":{"rendered":"https:\/\/www.hakimiyyet.com\/?p=16532"},"modified":"2020-03-27T23:31:59","modified_gmt":"2020-03-27T19:31:59","slug":"operativ-q%c9%99rargah-martin-29-dan-olk%c9%99-%c9%99razisind%c9%99-xususi-karantin-rejimi-gucl%c9%99ndiril%c9%99c%c9%99k","status":"publish","type":"post","link":"https:\/\/hakimiyyet.info.az\/?p=16532","title":{"rendered":"Operativ Q\u0259rargah: mart\u0131n 29-dan \u00f6lk\u0259 \u0259razisind\u0259 x\u00fcsusi karantin rejimi g\u00fccl\u0259ndiril\u0259c\u0259k"},"content":{"rendered":"<p>Nazirl\u0259r Kabineti yan\u0131nda Operativ Q\u0259rargah koronavirusla ba\u011fl\u0131 \u0259lav\u0259 t\u0259dbirl\u0259r haqq\u0131nda m\u0259lumat yay\u0131b.<\/p>\n<p>Operativ Q\u0259rargahdan\u00a0<a class=\"azertac-link\" href=\"https:\/\/azertag.az\/\" target=\"_blank\" rel=\"noopener noreferrer\">AZ\u018fRTAC<\/a>-a bildiribl\u0259r ki, mart\u0131n 29-da saat 00:00-dan etibar\u0259n \u00f6lk\u0259 \u0259razisind\u0259 x\u00fcsusi karantin rejimi g\u00fccl\u0259ndiril\u0259c\u0259k.<\/p>\n<p>M\u0259lumatda deyilir: \u201cX\u00fcsusi karantin rejimi d\u00f6vr\u00fcnd\u0259 x\u00fcsusi t\u0259yinatl\u0131, o c\u00fcml\u0259d\u0259n t\u0259cili tibbi yard\u0131m, q\u0259za-b\u0259rpa, xilasedici, k\u0259nd t\u0259s\u0259rr\u00fcfat\u0131, sosial xidm\u0259t m\u0259qs\u0259dli, habel\u0259 y\u00fckda\u015f\u0131yan avtomobill\u0259rin h\u0259r\u0259k\u0259ti istisna olmaqla, rayonlararas\u0131 v\u0259 \u015f\u0259h\u0259rl\u0259raras\u0131 n\u0259qliyyat h\u0259r\u0259k\u0259ti tam dayand\u0131r\u0131ls\u0131n.<\/p>\n<p>Bak\u0131, Sumqay\u0131t \u015f\u0259h\u0259rl\u0259ri v\u0259 Ab\u015feron rayonunun h\u00fcdudlar\u0131 daxilind\u0259 h\u0259r\u0259k\u0259t s\u0259rb\u0259stdir.<\/p>\n<p><strong>N\u0259qliyyat vasit\u0259l\u0259ri \u00fczr\u0259:<\/strong><\/p>\n<p>Bak\u0131 metrosunun i\u015f vaxt\u0131 s\u0259h\u0259r 07:00-09:00 v\u0259 ax\u015fam 17:00-20:00 saatlar\u0131na m\u00fc\u0259yy\u0259n edilsin.<\/p>\n<p><strong>Ticar\u0259t obyektl\u0259ri \u00fczr\u0259:<\/strong><\/p>\n<p>X\u00fcsusi karantin rejimi d\u00f6vr\u00fcnd\u0259 supermarketl\u0259r, \u0259rzaq ma\u011fazalar\u0131 v\u0259 aptekl\u0259r istisna olmaqla, b\u00fct\u00fcn ticar\u0259t obyektl\u0259rind\u0259 m\u00fc\u015ft\u0259ril\u0259r\u0259 yerind\u0259 xidm\u0259t dayand\u0131r\u0131ls\u0131n, \u00e7atd\u0131rma v\u0259 onlayn sat\u0131\u015flara m\u0259hdudiyy\u0259tsiz icaz\u0259 verilsin.<\/p>\n<p><strong>\u0130ctimai ia\u015f\u0259 obyektl\u0259ri \u00fczr\u0259:<\/strong><\/p>\n<p>X\u00fcsusi karantin rejimi d\u00f6vr\u00fcnd\u0259 b\u00fct\u00fcn ictimai ia\u015f\u0259 obyektl\u0259rind\u0259, o c\u00fcml\u0259d\u0259n restoran, kafe v\u0259 \u00e7ay evl\u0259rind\u0259 m\u00fc\u015ft\u0259ril\u0259r\u0259 yerind\u0259 xidm\u0259t dayand\u0131r\u0131ls\u0131n v\u0259 ev\u0259 g\u00f6t\u00fcrm\u0259, \u00e7atd\u0131rma v\u0259 onlayn sat\u0131\u015flara m\u0259hdudiyy\u0259tsiz icaz\u0259 verilsin.<\/p>\n<p><strong>\u018fhalinin h\u0259r\u0259k\u0259ti \u00fczr\u0259:<\/strong><\/p>\n<p>B\u00fct\u00fcn bulvar, park v\u0259 istirah\u0259t m\u0259kanlar\u0131na insanlar\u0131n s\u0131xl\u0131\u011f\u0131n\u0131 t\u0259nziml\u0259m\u0259k m\u0259qs\u0259dil\u0259 giri\u015f m\u0259hdudla\u015fd\u0131r\u0131ls\u0131n.<\/p>\n","protected":false},"excerpt":{"rendered":"<p>Nazirl\u0259r Kabineti yan\u0131nda Operativ Q\u0259rargah koronavirusla ba\u011fl\u0131 \u0259lav\u0259 t\u0259dbirl\u0259r haqq\u0131nda m\u0259lumat yay\u0131b. Operativ Q\u0259rargahdan\u00a0AZ\u018fRTAC-a bildiribl\u0259r ki, mart\u0131n 29-da saat 00:00-dan&hellip;<\/p>\n","protected":false},"author":2,"featured_media":0,"comment_status":"closed","ping_status":"closed","sticky":false,"template":"","format":"standard","meta":{"om_disable_all_campaigns":false,"_monsterinsights_skip_tracking":false,"_uf_show_specific_survey":0,"_uf_disable_surveys":false,"footnotes":""},"categories":[23,2,3],"tags":[],"aioseo_notices":[],"_links":{"self":[{"href":"https:\/\/hakimiyyet.info.az\/index.php?rest_route=\/wp\/v2\/posts\/16532"}],"collection":[{"href":"https:\/\/hakimiyyet.info.az\/index.php?rest_route=\/wp\/v2\/posts"}],"about":[{"href":"https:\/\/hakimiyyet.info.az\/index.php?rest_route=\/wp\/v2\/types\/post"}],"author":[{"embeddable":true,"href":"https:\/\/hakimiyyet.info.az\/index.php?rest_route=\/wp\/v2\/users\/2"}],"replies":[{"embeddable":true,"href":"https:\/\/hakimiyyet.info.az\/index.php?rest_route=%2Fwp%2Fv2%2Fcomments&post=16532"}],"version-history":[{"count":1,"href":"https:\/\/hakimiyyet.info.az\/index.php?rest_route=\/wp\/v2\/posts\/16532\/revisions"}],"predecessor-version":[{"id":16533,"href":"https:\/\/hakimiyyet.info.az\/index.php?rest_route=\/wp\/v2\/posts\/16532\/revisions\/16533"}],"wp:attachment":[{"href":"https:\/\/hakimiyyet.info.az\/index.php?rest_route=%2Fwp%2Fv2%2Fmedia&parent=16532"}],"wp:term":[{"taxonomy":"category","embeddable":true,"href":"https:\/\/hakimiyyet.info.az\/index.php?rest_route=%2Fwp%2Fv2%2Fcategories&post=16532"},{"taxonomy":"post_tag","embeddable":true,"href":"https:\/\/hakimiyyet.info.az\/index.php?rest_route=%2Fwp%2Fv2%2Ftags&post=16532"}],"curies":[{"name":"wp","href":"https:\/\/api.w.org\/{rel}","templated":true}]}}