{"id":16757,"date":"2020-03-29T22:29:25","date_gmt":"2020-03-29T18:29:25","guid":{"rendered":"https:\/\/www.hakimiyyet.com\/?p=16757"},"modified":"2020-03-29T22:29:25","modified_gmt":"2020-03-29T18:29:25","slug":"pakistandan-az%c9%99rbaycana-g%c9%99l%c9%99n-c%c9%99yirtk%c9%99l%c9%99r-dayandirdi","status":"publish","type":"post","link":"https:\/\/hakimiyyet.info.az\/?p=16757","title":{"rendered":"Pakistandan Az\u0259rbaycana g\u0259l\u0259n \u00e7\u0259yirtk\u0259l\u0259r dayand\u0131rd\u0131"},"content":{"rendered":"<p><strong>D\u00fcnya koronavirusla m\u00fcbariz\u0259 apard\u0131\u011f\u0131 vaxtda, Pakistan da q\u00fcvv\u0259l\u0259rini \u00e7\u0259yirtk\u0259 istilas\u0131na qar\u015f\u0131 s\u0259f\u0259rb\u0259r edib. \u00d6t\u0259n il \u00e7\u0259yirtk\u0259l\u0259r Pakistanda pamb\u0131q tarlalar\u0131na h\u00fccum \u00e7\u0259kib. \u00c7in h\u00f6kum\u0259ti Pakistana \u00e7\u0259yirtk\u0259l\u0259rl\u0259 m\u00fcbariz\u0259d\u0259 k\u00f6m\u0259k \u00fc\u00e7\u00fcn 100 min \u00f6rd\u0259k g\u00f6nd\u0259rib. Region \u00f6lk\u0259l\u0259rind\u0259 yax\u015f\u0131 ba\u015fa d\u00fc\u015f\u00fcrl\u0259r ki, Pakistan \u00e7\u0259yirtk\u0259 istilas\u0131n\u0131n qar\u015f\u0131s\u0131n\u0131 ala bilm\u0259s\u0259, h\u0259\u015f\u0259ratlar dig\u0259r \u00f6lk\u0259l\u0259r\u0259 d\u0259 yay\u0131lacaq.<\/strong><\/p>\n<p><a href=\"http:\/\/publika.az\/\" target=\"_blank\" rel=\"noopener noreferrer\">Publika.az<\/a>\u00a0\u201cDem\u0259di dem\u0259\u201d yutub kanal\u0131n\u0131n m\u00f6vzu il\u0259 ba\u011fl\u0131 haz\u0131rlad\u0131\u011f\u0131 videonu t\u0259qdim edir.<\/p>\n<p><iframe loading=\"lazy\" src=\"https:\/\/www.youtube.com\/embed\/byaSNvNX43E\" width=\"560\" height=\"315\" frameborder=\"0\" allowfullscreen=\"allowfullscreen\" data-mce-fragment=\"1\"><\/iframe><\/p>\n","protected":false},"excerpt":{"rendered":"<p>D\u00fcnya koronavirusla m\u00fcbariz\u0259 apard\u0131\u011f\u0131 vaxtda, Pakistan da q\u00fcvv\u0259l\u0259rini \u00e7\u0259yirtk\u0259 istilas\u0131na qar\u015f\u0131 s\u0259f\u0259rb\u0259r edib. \u00d6t\u0259n il \u00e7\u0259yirtk\u0259l\u0259r Pakistanda pamb\u0131q tarlalar\u0131na h\u00fccum&hellip;<\/p>\n","protected":false},"author":2,"featured_media":0,"comment_status":"closed","ping_status":"closed","sticky":false,"template":"","format":"standard","meta":{"om_disable_all_campaigns":false,"_monsterinsights_skip_tracking":false,"_uf_show_specific_survey":0,"_uf_disable_surveys":false,"footnotes":""},"categories":[9,2,20],"tags":[],"aioseo_notices":[],"_links":{"self":[{"href":"https:\/\/hakimiyyet.info.az\/index.php?rest_route=\/wp\/v2\/posts\/16757"}],"collection":[{"href":"https:\/\/hakimiyyet.info.az\/index.php?rest_route=\/wp\/v2\/posts"}],"about":[{"href":"https:\/\/hakimiyyet.info.az\/index.php?rest_route=\/wp\/v2\/types\/post"}],"author":[{"embeddable":true,"href":"https:\/\/hakimiyyet.info.az\/index.php?rest_route=\/wp\/v2\/users\/2"}],"replies":[{"embeddable":true,"href":"https:\/\/hakimiyyet.info.az\/index.php?rest_route=%2Fwp%2Fv2%2Fcomments&post=16757"}],"version-history":[{"count":1,"href":"https:\/\/hakimiyyet.info.az\/index.php?rest_route=\/wp\/v2\/posts\/16757\/revisions"}],"predecessor-version":[{"id":16758,"href":"https:\/\/hakimiyyet.info.az\/index.php?rest_route=\/wp\/v2\/posts\/16757\/revisions\/16758"}],"wp:attachment":[{"href":"https:\/\/hakimiyyet.info.az\/index.php?rest_route=%2Fwp%2Fv2%2Fmedia&parent=16757"}],"wp:term":[{"taxonomy":"category","embeddable":true,"href":"https:\/\/hakimiyyet.info.az\/index.php?rest_route=%2Fwp%2Fv2%2Fcategories&post=16757"},{"taxonomy":"post_tag","embeddable":true,"href":"https:\/\/hakimiyyet.info.az\/index.php?rest_route=%2Fwp%2Fv2%2Ftags&post=16757"}],"curies":[{"name":"wp","href":"https:\/\/api.w.org\/{rel}","templated":true}]}}