{"id":16963,"date":"2020-03-30T14:05:01","date_gmt":"2020-03-30T10:05:01","guid":{"rendered":"https:\/\/www.hakimiyyet.com\/?p=16963"},"modified":"2020-03-30T14:05:01","modified_gmt":"2020-03-30T10:05:01","slug":"ziya-zakir-acar-31-mart-soyqirimi-hec-vaxt-unudulmayacaq-b%c9%99s%c9%99ri-cinay%c9%99tdir","status":"publish","type":"post","link":"https:\/\/hakimiyyet.info.az\/?p=16963","title":{"rendered":"Ziya Zakir Acar: 31 mart soyq\u0131r\u0131m\u0131 he\u00e7 vaxt unudulmayacaq b\u0259\u015f\u0259ri cinay\u0259tdir"},"content":{"rendered":"<p>Az\u0259rbaycan xalq\u0131 tarixd\u0259 \u00e7ox faci\u0259l\u0259r ya\u015fay\u0131b. Bu faci\u0259l\u0259rin \u0259ks\u0259riyy\u0259ti \u00f6t\u0259n y\u00fczillikd\u0259 erm\u0259nil\u0259r t\u0259r\u0259find\u0259n t\u00f6r\u0259dilib. 1918-ci il mart\u0131n 31-d\u0259 t\u00f6r\u0259dil\u0259n soyq\u0131r\u0131m\u0131 h\u0259min qanl\u0131 faci\u0259l\u0259r s\u0131ras\u0131nda yer alan, he\u00e7 vaxt unudulmayacaq b\u0259\u015f\u0259ri cinay\u0259tdir.<\/p>\n<p>Bu fikri\u00a0<a class=\"azertac-link\" href=\"https:\/\/azertag.az\/\" target=\"_blank\" rel=\"noopener noreferrer\">AZ\u018fRTAC<\/a>-a a\u00e7\u0131qlamas\u0131nda \u0130\u011fd\u0131r-Az\u0259rbaycan Dil, Tarix v\u0259 M\u0259d\u0259niyy\u0259t H\u0259mr\u0259yliyini Ya\u015fatma v\u0259 D\u0259st\u0259kl\u0259m\u0259 D\u0259rn\u0259yinin s\u0259dri Ziya Zakir Acar bildirib.<\/p>\n<p>O deyib: \u201cErm\u0259ni mill\u0259t\u00e7il\u0259ri 1880-ci ilin sonlar\u0131ndan ba\u015flayaraq qurduqlar\u0131 terror t\u0259\u015fkilatlar\u0131 vasit\u0259sil\u0259 Anadoluda v\u0259 Qafqazda m\u00fcs\u0259lman-t\u00fcrk \u0259haliy\u0259 qar\u015f\u0131 amans\u0131z cinay\u0259tl\u0259r t\u00f6r\u0259dibl\u0259r. Torpaqlar\u0131m\u0131zda ya\u015famaqlar\u0131na \u015f\u0259rait yaratd\u0131\u011f\u0131m\u0131z bu toplum h\u0259r zaman x\u0259yan\u0259tkar m\u00f6vqed\u0259 olub. X\u0259yan\u0259t, hiyl\u0259g\u0259rlik v\u0259 qani\u00e7\u0259nlik \u00fcmumil\u0259\u015fmi\u015f formada erm\u0259nil\u0259rin amal\u0131na \u00e7evrilib. 31 mart soyq\u0131r\u0131m\u0131 \u015f\u0259hidl\u0259rinin \u0259ziz xatir\u0259sini yad ed\u0259rk\u0259n \u018frzurum, \u018frzincan, \u0130\u011fd\u0131r, Qars, Nax\u00e7\u0131van, Xoy v\u0259 dig\u0259r b\u00f6lg\u0259l\u0259rd\u0259 erm\u0259nil\u0259rin v\u0259h\u015fic\u0259sin\u0259 q\u0259tl\u0259 yetirdikl\u0259ri g\u00fcnahs\u0131z soyda\u015flar\u0131m\u0131z\u0131 da an\u0131r\u0131q. \u0130\u011fd\u0131r, \u018frzurum v\u0259 Qubadak\u0131 k\u00fctl\u0259vi m\u0259zarl\u0131qlar erm\u0259ni v\u0259h\u015f\u0259tinin n\u00fcmun\u0259l\u0259ridir\u201d.<\/p>\n<p><strong>Sabir \u015eahtaxt\u0131<\/strong><\/p>\n<p><strong><a class=\"azertac-link\" href=\"https:\/\/azertag.az\/\" target=\"_blank\" rel=\"noopener noreferrer\">AZ\u018fRTAC<\/a>-\u0131n x\u00fcsusi m\u00fcxbiri<\/strong><\/p>\n<p><strong>Ankara<\/strong><\/p>\n","protected":false},"excerpt":{"rendered":"<p>Az\u0259rbaycan xalq\u0131 tarixd\u0259 \u00e7ox faci\u0259l\u0259r ya\u015fay\u0131b. Bu faci\u0259l\u0259rin \u0259ks\u0259riyy\u0259ti \u00f6t\u0259n y\u00fczillikd\u0259 erm\u0259nil\u0259r t\u0259r\u0259find\u0259n t\u00f6r\u0259dilib. 1918-ci il mart\u0131n 31-d\u0259 t\u00f6r\u0259dil\u0259n soyq\u0131r\u0131m\u0131&hellip;<\/p>\n","protected":false},"author":2,"featured_media":0,"comment_status":"closed","ping_status":"closed","sticky":false,"template":"","format":"standard","meta":{"om_disable_all_campaigns":false,"_monsterinsights_skip_tracking":false,"_uf_show_specific_survey":0,"_uf_disable_surveys":false,"footnotes":""},"categories":[9,19],"tags":[],"aioseo_notices":[],"_links":{"self":[{"href":"https:\/\/hakimiyyet.info.az\/index.php?rest_route=\/wp\/v2\/posts\/16963"}],"collection":[{"href":"https:\/\/hakimiyyet.info.az\/index.php?rest_route=\/wp\/v2\/posts"}],"about":[{"href":"https:\/\/hakimiyyet.info.az\/index.php?rest_route=\/wp\/v2\/types\/post"}],"author":[{"embeddable":true,"href":"https:\/\/hakimiyyet.info.az\/index.php?rest_route=\/wp\/v2\/users\/2"}],"replies":[{"embeddable":true,"href":"https:\/\/hakimiyyet.info.az\/index.php?rest_route=%2Fwp%2Fv2%2Fcomments&post=16963"}],"version-history":[{"count":1,"href":"https:\/\/hakimiyyet.info.az\/index.php?rest_route=\/wp\/v2\/posts\/16963\/revisions"}],"predecessor-version":[{"id":16964,"href":"https:\/\/hakimiyyet.info.az\/index.php?rest_route=\/wp\/v2\/posts\/16963\/revisions\/16964"}],"wp:attachment":[{"href":"https:\/\/hakimiyyet.info.az\/index.php?rest_route=%2Fwp%2Fv2%2Fmedia&parent=16963"}],"wp:term":[{"taxonomy":"category","embeddable":true,"href":"https:\/\/hakimiyyet.info.az\/index.php?rest_route=%2Fwp%2Fv2%2Fcategories&post=16963"},{"taxonomy":"post_tag","embeddable":true,"href":"https:\/\/hakimiyyet.info.az\/index.php?rest_route=%2Fwp%2Fv2%2Ftags&post=16963"}],"curies":[{"name":"wp","href":"https:\/\/api.w.org\/{rel}","templated":true}]}}