{"id":16966,"date":"2020-03-30T14:12:44","date_gmt":"2020-03-30T10:12:44","guid":{"rendered":"https:\/\/www.hakimiyyet.com\/?p=16966"},"modified":"2020-03-30T14:12:44","modified_gmt":"2020-03-30T10:12:44","slug":"milli-m%c9%99clis-deputatinin-statusu-haqqinda-qanuna-t%c9%99klif-olunan-d%c9%99yisiklikl%c9%99r-birinci-oxunusda-t%c9%99sdiql%c9%99nib","status":"publish","type":"post","link":"https:\/\/hakimiyyet.info.az\/?p=16966","title":{"rendered":"\u201cMilli M\u0259clis deputat\u0131n\u0131n statusu haqq\u0131nda\u201d Qanuna t\u0259klif olunan d\u0259yi\u015fiklikl\u0259r birinci oxunu\u015fda t\u0259sdiql\u0259nib"},"content":{"rendered":"<p>\u201cAz\u0259rbaycan Respublikas\u0131 Milli M\u0259clisi deputat\u0131n\u0131n statusu haqq\u0131nda\u201d Qanuna d\u0259yi\u015fiklik edilm\u0259si il\u0259 ba\u011fl\u0131 qanun layih\u0259si Milli M\u0259clisin mart\u0131n 30-da ke\u00e7iril\u0259n plenar iclas\u0131nda birinci oxunu\u015fda m\u00fczakir\u0259y\u0259 \u00e7\u0131xar\u0131l\u0131b.<\/p>\n<p><a class=\"azertac-link\" href=\"https:\/\/azertag.az\/\" target=\"_blank\" rel=\"noopener noreferrer\">AZ\u018fRTAC<\/a>\u00a0x\u0259b\u0259r verir ki, qanun layih\u0259sin\u0259 t\u0259klif edil\u0259n d\u0259yi\u015fikliy\u0259 \u0259sas\u0259n, sanitariya-epidemioloji salamatl\u0131\u011f\u0131n qorunmas\u0131 \u00fc\u00e7\u00fcn t\u0259tbiq edil\u0259n m\u0259hdudla\u015fd\u0131r\u0131c\u0131 t\u0259dbirl\u0259r Milli M\u0259clisin v\u0259 onun orqanlar\u0131n\u0131n iclaslar\u0131nda i\u015ftirak ed\u0259n Milli M\u0259clisin deputatlar\u0131na \u015famil edilm\u0259y\u0259c\u0259k.<\/p>\n<p>Bundan \u0259lav\u0259, qanunun 7-ci madd\u0259sinin ad\u0131 \u201cDeputat\u0131n Az\u0259rbaycan Respublikas\u0131 Milli M\u0259clisinin v\u0259 onun orqanlar\u0131n\u0131n iclaslar\u0131nda i\u015ftirak etm\u0259k s\u0259lahiyy\u0259ti\u201d d\u0259yi\u015fdiril\u0259r\u0259k \u201cDeputat\u0131n Az\u0259rbaycan Respublikas\u0131 Milli M\u0259clisinin v\u0259 onun orqanlar\u0131n\u0131n iclaslar\u0131nda i\u015ftirak etm\u0259k v\u0259zif\u0259si\u201d il\u0259 \u0259v\u0259zl\u0259nib.<\/p>\n<p>Qanun layih\u0259sin\u0259 d\u0259yi\u015fiklik m\u00fczakir\u0259l\u0259rd\u0259n sonra birinci oxunu\u015fda q\u0259bul edilib.<\/p>\n","protected":false},"excerpt":{"rendered":"<p>\u201cAz\u0259rbaycan Respublikas\u0131 Milli M\u0259clisi deputat\u0131n\u0131n statusu haqq\u0131nda\u201d Qanuna d\u0259yi\u015fiklik edilm\u0259si il\u0259 ba\u011fl\u0131 qanun layih\u0259si Milli M\u0259clisin mart\u0131n 30-da ke\u00e7iril\u0259n plenar&hellip;<\/p>\n","protected":false},"author":2,"featured_media":0,"comment_status":"closed","ping_status":"closed","sticky":false,"template":"","format":"standard","meta":{"om_disable_all_campaigns":false,"_monsterinsights_skip_tracking":false,"_uf_show_specific_survey":0,"_uf_disable_surveys":false,"footnotes":""},"categories":[2,3,7],"tags":[],"aioseo_notices":[],"_links":{"self":[{"href":"https:\/\/hakimiyyet.info.az\/index.php?rest_route=\/wp\/v2\/posts\/16966"}],"collection":[{"href":"https:\/\/hakimiyyet.info.az\/index.php?rest_route=\/wp\/v2\/posts"}],"about":[{"href":"https:\/\/hakimiyyet.info.az\/index.php?rest_route=\/wp\/v2\/types\/post"}],"author":[{"embeddable":true,"href":"https:\/\/hakimiyyet.info.az\/index.php?rest_route=\/wp\/v2\/users\/2"}],"replies":[{"embeddable":true,"href":"https:\/\/hakimiyyet.info.az\/index.php?rest_route=%2Fwp%2Fv2%2Fcomments&post=16966"}],"version-history":[{"count":1,"href":"https:\/\/hakimiyyet.info.az\/index.php?rest_route=\/wp\/v2\/posts\/16966\/revisions"}],"predecessor-version":[{"id":16967,"href":"https:\/\/hakimiyyet.info.az\/index.php?rest_route=\/wp\/v2\/posts\/16966\/revisions\/16967"}],"wp:attachment":[{"href":"https:\/\/hakimiyyet.info.az\/index.php?rest_route=%2Fwp%2Fv2%2Fmedia&parent=16966"}],"wp:term":[{"taxonomy":"category","embeddable":true,"href":"https:\/\/hakimiyyet.info.az\/index.php?rest_route=%2Fwp%2Fv2%2Fcategories&post=16966"},{"taxonomy":"post_tag","embeddable":true,"href":"https:\/\/hakimiyyet.info.az\/index.php?rest_route=%2Fwp%2Fv2%2Ftags&post=16966"}],"curies":[{"name":"wp","href":"https:\/\/api.w.org\/{rel}","templated":true}]}}