{"id":16995,"date":"2020-03-30T20:44:19","date_gmt":"2020-03-30T16:44:19","guid":{"rendered":"https:\/\/www.hakimiyyet.com\/?p=16995"},"modified":"2020-03-30T20:44:19","modified_gmt":"2020-03-30T16:44:19","slug":"indoneziyali-jurnalist-dagliq-qarabagda-kecirilm%c9%99si-n%c9%99z%c9%99rd%c9%99-tutulan-seckil%c9%99ri-l%c9%99gv-etm%c9%99y%c9%99-cagirib","status":"publish","type":"post","link":"https:\/\/hakimiyyet.info.az\/?p=16995","title":{"rendered":"\u0130ndoneziyal\u0131 jurnalist Da\u011fl\u0131q Qaraba\u011fda ke\u00e7irilm\u0259si n\u0259z\u0259rd\u0259 tutulan \u201cse\u00e7kil\u0259ri\u201d l\u0259\u011fv etm\u0259y\u0259 \u00e7a\u011f\u0131r\u0131b"},"content":{"rendered":"<p>\u0130ndoneziyan\u0131n ingilis dilind\u0259 n\u0259\u015fr olunan n\u00fcfuzlu \u201cThe Jakarta Post\u201d q\u0259zetinin m\u00fcxbiri Viramala Ancaya 2020-ci il mart\u0131n 31-d\u0259 qondarma \u201cDa\u011fl\u0131q Qaraba\u011f Respublikas\u0131nda\u201d t\u0259\u015fkil olunmas\u0131 n\u0259z\u0259rd\u0259 tutulan qeyri-qanuni \u201cprezident v\u0259 parlament se\u00e7kil\u0259ri\u201dni l\u0259\u011fv etm\u0259y\u0259 \u00e7a\u011f\u0131r\u0131b.<\/p>\n<p><a class=\"azertac-link\" href=\"https:\/\/azertag.az\/\" target=\"_blank\" rel=\"noopener noreferrer\">AZ\u018fRTAC<\/a>\u00a0x\u0259b\u0259r verir ki, \u201ceurasiareview.com\u201d sayt\u0131nda d\u0259rc edil\u0259n \u201cDa\u011fl\u0131q Qaraba\u011fda qanunsuz se\u00e7kil\u0259ri l\u0259\u011fv edin\u201d adl\u0131 m\u0259qal\u0259d\u0259 m\u00fc\u0259llif s\u00f6z\u00fcged\u0259n qondarma respublikan\u0131n varl\u0131\u011f\u0131ndan yaln\u0131z erm\u0259nil\u0259rin x\u0259b\u0259rdar oldu\u011funu, h\u0259tta Erm\u0259nistan\u0131n bel\u0259 h\u00fcquqi olaraq bu \u201c\u00f6lk\u0259\u201dni tan\u0131mad\u0131\u011f\u0131n\u0131 bildirir.<\/p>\n<p>Az\u0259rbaycan\u0131n ayr\u0131lmaz hiss\u0259si olan Da\u011fl\u0131q Qaraba\u011f\u0131n v\u0259 \u0259traf rayonlar\u0131n Erm\u0259nistan t\u0259r\u0259find\u0259n i\u015f\u011fal\u0131 haqq\u0131nda m\u0259lumat ver\u0259n V.Ancaya bir milyondan \u00e7ox soyda\u015f\u0131m\u0131z\u0131n h\u0259l\u0259 d\u0259 qa\u00e7q\u0131n v\u0259 m\u0259cburi k\u00f6\u00e7k\u00fcn h\u0259yat\u0131 ya\u015famas\u0131ndan v\u0259 Xocal\u0131 soyq\u0131r\u0131m\u0131ndan geni\u015f b\u0259hs edib.<\/p>\n<p>Jurnalist qondarma rejim t\u0259r\u0259find\u0259n \u201cse\u00e7kil\u0259rin\u201d ke\u00e7irilm\u0259sinin qeyri-qanuni olmas\u0131 il\u0259 yana\u015f\u0131, h\u0259m d\u0259 AT\u018fT-in Minsk qrupunun i\u015ftirak\u0131 il\u0259 apar\u0131lan dan\u0131\u015f\u0131qlara b\u00f6y\u00fck z\u0259r\u0259r vurdu\u011funu qeyd edib. O, Erm\u0259nistan r\u0259hb\u0259rliyinin \u00f6lk\u0259d\u0259 koronavirus epidemiyas\u0131n\u0131n geni\u015f v\u00fcs\u0259t ald\u0131\u011f\u0131 bir d\u00f6vrd\u0259 qeyri-qanuni \u201cse\u00e7kil\u0259r\u201d\u0259 300 m\u00fc\u015fahid\u0259\u00e7i g\u00f6nd\u0259rdiyin\u0259 diqq\u0259t \u00e7\u0259k\u0259r\u0259k, bu hal\u0131n pandemiyan\u0131n Da\u011fl\u0131q Qaraba\u011f b\u00f6lg\u0259sin\u0259 yay\u0131lmas\u0131na \u015f\u0259rait yaratd\u0131\u011f\u0131n\u0131 bildirib. V.Ancaya d\u00fcnyada koronavirus pandemiyas\u0131n\u0131n t\u00fc\u011fyan etdiyi bir vaxtda Erm\u0259nistan\u0131n v\u0259 separat\u00e7\u0131 rejimin z\u0259if s\u0259hiyy\u0259 sisteml\u0259rini inki\u015faf etdirm\u0259k \u0259v\u0259zin\u0259, xaricd\u0259n silah al\u0131nmas\u0131na b\u00f6y\u00fck diqq\u0259t ay\u0131rd\u0131qlar\u0131n\u0131 vur\u011fulay\u0131b.<\/p>\n<p>M\u0259qal\u0259d\u0259, h\u0259m\u00e7inin Da\u011fl\u0131q Qaraba\u011f\u0131n az\u0259rbaycanl\u0131 icmas\u0131n\u0131n r\u0259hb\u0259ri, deputat Tural G\u0259nc\u0259liyev\u0259 bu b\u00f6lg\u0259nin erm\u0259ni icmas\u0131n\u0131n bir qrup \u00fczv\u00fcn t\u0259r\u0259find\u0259n oradan se\u00e7ilmi\u015f n\u00fcmay\u0259nd\u0259 kimi m\u00fcraci\u0259t edildiyi d\u0259 bildirilib. Bel\u0259 ki, koronavirus epidemiyas\u0131 n\u0259tic\u0259sind\u0259 b\u00f6lg\u0259d\u0259ki erm\u0259nil\u0259rd\u0259 yoluxma hallar\u0131n\u0131n \u00e7oxalmas\u0131, s\u0259hiyy\u0259 infrastrukturunun ac\u0131nacaql\u0131 v\u0259ziyy\u0259td\u0259 olmas\u0131, tibbi yoxlama \u00fc\u00e7\u00fcn avadanl\u0131\u011f\u0131n v\u0259 tibbi hey\u0259tin \u00e7at\u0131\u015fmazl\u0131\u011f\u0131, el\u0259c\u0259 d\u0259 Erm\u0259nistan v\u0259 separat\u00e7\u0131 rejim t\u0259r\u0259find\u0259n bu h\u0259qiq\u0259tl\u0259rin m\u0259qs\u0259dli \u015f\u0259kild\u0259 gizl\u0259dilm\u0259sin\u0259 dair icma r\u0259hb\u0259rinin m\u0259lumatland\u0131r\u0131ld\u0131\u011f\u0131 qeyd olunub. O c\u00fcml\u0259d\u0259n T.G\u0259nc\u0259liyevin Erm\u0259nistan t\u0259r\u0259find\u0259n i\u015f\u011fala son verildikd\u0259n sonra Az\u0259rbaycan\u0131n s\u00f6z\u00fcged\u0259n b\u00f6lg\u0259d\u0259 s\u0259hiyy\u0259 infrastrukturunu yenid\u0259n b\u0259rpa ed\u0259c\u0259yini v\u0259 h\u0259r iki icman\u0131n m\u00fcasir standartlara cavab ver\u0259n s\u0259hiyy\u0259 sisteminin imkanlar\u0131ndan faydalanaca\u011f\u0131na \u0259minlik ifad\u0259 etdiyi vur\u011fulan\u0131b.<\/p>\n<p>M\u0259qal\u0259d\u0259 koronavirus epidemiyas\u0131 il\u0259 \u0259laq\u0259dar mart\u0131n 16-da Nikol Pa\u015finyan\u0131n \u00f6lk\u0259d\u0259 f\u00f6vq\u0259lad\u0259 v\u0259ziyy\u0259t elan etm\u0259si, o c\u00fcml\u0259d\u0259n onun v\u0259 qondarma rejimin r\u0259hb\u0259rliyinin \u0259haliy\u0259 Erm\u0259nistan v\u0259 Da\u011fl\u0131q Qaraba\u011f aras\u0131nda s\u0259f\u0259rl\u0259ri dayand\u0131rmaq bar\u0259d\u0259 \u00e7a\u011f\u0131r\u0131\u015f\u0131na baxmayaraq, qondarma rejimin mart\u0131n 31-d\u0259 \u201cse\u00e7kil\u0259r\u201d ke\u00e7irm\u0259kd\u0259 t\u0259kid etdiyi bildirilir. \u0130ndoneziyal\u0131 jurnalist \u201cse\u00e7ki\u201dnin n\u0259tic\u0259sind\u0259n as\u0131l\u0131 olmayaraq, separat\u00e7\u0131 rejimin idar\u0259 olunmas\u0131n\u0131n yen\u0259 d\u0259 Yerevan t\u0259r\u0259find\u0259n h\u0259yata ke\u00e7iril\u0259c\u0259yini qeyd edib.<\/p>\n<p>Viramala Ancaya qeyd edib ki, erm\u0259nil\u0259r Az\u0259rbaycan torpaqlar\u0131n\u0131n i\u015f\u011fal\u0131n\u0131n onlara he\u00e7 bir faydas\u0131 olmad\u0131\u011f\u0131n\u0131, bu i\u015f\u011fal\u0131n \u00f6lk\u0259y\u0259 yaln\u0131z iqtisadi \u00e7\u0259tinlikl\u0259r v\u0259 k\u00fclli miqdarda d\u00f6vl\u0259t borcu yaratd\u0131\u011f\u0131n\u0131 ba\u015fa d\u00fc\u015fm\u0259lidir. M\u00fc\u0259llif erm\u0259ni silahl\u0131 q\u00fcvv\u0259l\u0259rinin i\u015f\u011fal etdiyi Az\u0259rbaycan torpaqlar\u0131ndan qeyd-\u015f\u0259rtsiz \u00e7\u0131xar\u0131lmas\u0131na dair BMT-nin m\u00fcvafiq q\u0259tnam\u0259l\u0259rin\u0259 v\u0259 Az\u0259rbaycan t\u0259r\u0259find\u0259n Da\u011fl\u0131q Qaraba\u011fa y\u00fcks\u0259ks\u0259viyy\u0259li muxtariyy\u0259t verilm\u0259si bar\u0259d\u0259 t\u0259klifl\u0259rin\u0259 baxmayaraq, Erm\u0259nistan t\u0259r\u0259finin apar\u0131lan s\u00fclh dan\u015f\u0131qlar\u0131nda h\u0259l\u0259 d\u0259 qeyri-konstruktiv m\u00f6vqe n\u00fcmayi\u015f etdirdiyin\u0259 diqq\u0259t \u00e7\u0259kib.<\/p>\n<p>M\u0259qal\u0259nin yekununda Viramala Ancaya i\u015f\u011fal\u0131n Erm\u0259nistan t\u0259r\u0259fin\u0259 faydal\u0131 olmad\u0131\u011f\u0131n\u0131 v\u0259 i\u015f\u011fala son qoyulaca\u011f\u0131 t\u0259qdird\u0259 bunun \u00f6lk\u0259nin iqtisadi inki\u015faf\u0131n\u0131n, \u0259halinin rifah\u0131n\u0131n y\u00fcks\u0259lm\u0259sin\u0259 g\u0259tirib \u00e7\u0131xaraca\u011f\u0131n\u0131 vur\u011fulay\u0131b. M\u00fc\u0259llif qondarma \u201cDa\u011fl\u0131q Qaraba\u011f Respublikas\u0131nda\u201d 2020-ci il mart\u0131n 31-d\u0259 t\u0259\u015fkil olunacaq qeyri-qanuni \u201cse\u00e7kil\u0259r\u201din h\u0259m s\u00fclh, h\u0259m d\u0259 insanlar\u0131n rifah\u0131 namin\u0259 l\u0259\u011fvinin s\u00fclh dan\u0131\u015f\u0131qlar\u0131 yolunda at\u0131lacaq vacib konstruktiv add\u0131m kimi qiym\u0259tl\u0259ndiril\u0259 bil\u0259c\u0259yini ifad\u0259 edib.<\/p>\n<p>M\u0259qal\u0259nin tam m\u0259tni il\u0259 a\u015fa\u011f\u0131dak\u0131 link vasit\u0259sil\u0259 tan\u0131\u015f olmaq olar:\u00a0<a href=\"https:\/\/www.eurasiareview.com\/30032020-cancel-illegal-elections-in-nagorno-karabakh-oped\/\">https:\/\/www.eurasiareview.com\/30032020-cancel-illegal-elections-in-nagorno-karabakh-oped\/<\/a><\/p>\n<p><em><strong>V\u00fcqar A\u011fayev<\/strong><\/em><\/p>\n<p><em><strong><a class=\"azertac-link\" href=\"https:\/\/azertag.az\/\" target=\"_blank\" rel=\"noopener noreferrer\">AZ\u018fRTAC<\/a>-\u0131n x\u00fcsusi m\u00fcxbiri<\/strong><\/em><\/p>\n<p><em><strong>Cakarta<\/strong><\/em><\/p>\n","protected":false},"excerpt":{"rendered":"<p>\u0130ndoneziyan\u0131n ingilis dilind\u0259 n\u0259\u015fr olunan n\u00fcfuzlu \u201cThe Jakarta Post\u201d q\u0259zetinin m\u00fcxbiri Viramala Ancaya 2020-ci il mart\u0131n 31-d\u0259 qondarma \u201cDa\u011fl\u0131q Qaraba\u011f&hellip;<\/p>\n","protected":false},"author":2,"featured_media":0,"comment_status":"closed","ping_status":"closed","sticky":false,"template":"","format":"standard","meta":{"om_disable_all_campaigns":false,"_monsterinsights_skip_tracking":false,"_uf_show_specific_survey":0,"_uf_disable_surveys":false,"footnotes":""},"categories":[9,7],"tags":[],"aioseo_notices":[],"_links":{"self":[{"href":"https:\/\/hakimiyyet.info.az\/index.php?rest_route=\/wp\/v2\/posts\/16995"}],"collection":[{"href":"https:\/\/hakimiyyet.info.az\/index.php?rest_route=\/wp\/v2\/posts"}],"about":[{"href":"https:\/\/hakimiyyet.info.az\/index.php?rest_route=\/wp\/v2\/types\/post"}],"author":[{"embeddable":true,"href":"https:\/\/hakimiyyet.info.az\/index.php?rest_route=\/wp\/v2\/users\/2"}],"replies":[{"embeddable":true,"href":"https:\/\/hakimiyyet.info.az\/index.php?rest_route=%2Fwp%2Fv2%2Fcomments&post=16995"}],"version-history":[{"count":1,"href":"https:\/\/hakimiyyet.info.az\/index.php?rest_route=\/wp\/v2\/posts\/16995\/revisions"}],"predecessor-version":[{"id":16996,"href":"https:\/\/hakimiyyet.info.az\/index.php?rest_route=\/wp\/v2\/posts\/16995\/revisions\/16996"}],"wp:attachment":[{"href":"https:\/\/hakimiyyet.info.az\/index.php?rest_route=%2Fwp%2Fv2%2Fmedia&parent=16995"}],"wp:term":[{"taxonomy":"category","embeddable":true,"href":"https:\/\/hakimiyyet.info.az\/index.php?rest_route=%2Fwp%2Fv2%2Fcategories&post=16995"},{"taxonomy":"post_tag","embeddable":true,"href":"https:\/\/hakimiyyet.info.az\/index.php?rest_route=%2Fwp%2Fv2%2Ftags&post=16995"}],"curies":[{"name":"wp","href":"https:\/\/api.w.org\/{rel}","templated":true}]}}