{"id":17012,"date":"2020-03-30T20:48:17","date_gmt":"2020-03-30T16:48:17","guid":{"rendered":"https:\/\/www.hakimiyyet.com\/?p=17012"},"modified":"2020-03-30T20:48:17","modified_gmt":"2020-03-30T16:48:17","slug":"g%c9%99l%c9%99n-il-kecirilm%c9%99li-olan-atletika-uzr%c9%99-dunya-cempionati-t%c9%99xir%c9%99-salinib","status":"publish","type":"post","link":"https:\/\/hakimiyyet.info.az\/?p=17012","title":{"rendered":"G\u0259l\u0259n il ke\u00e7irilm\u0259li olan atletika \u00fczr\u0259 d\u00fcnya \u00e7empionat\u0131 t\u0259xir\u0259 sal\u0131n\u0131b"},"content":{"rendered":"<p>Atletika \u00fczr\u0259 d\u00fcnya \u00e7empionat\u0131 t\u0259xir\u0259 sal\u0131n\u0131b.<\/p>\n<p>Apasport.az sayt\u0131n\u0131n m\u0259lumat\u0131na g\u00f6r\u0259, bu bar\u0259d\u0259 q\u0259rar\u0131 Beyn\u0259lxalq Atletika Federasiyas\u0131 verib.<\/p>\n<p>2021-ci il avqustun 6-15-d\u0259 ke\u00e7irilm\u0259li olan mundial bir il sonra ba\u015f tutacaq. AB\u015e-\u0131n Yudjin \u015f\u0259h\u0259rind\u0259 2022-ci ild\u0259 t\u0259\u015fkil olunacaq yar\u0131\u015f\u0131n tarixi federasiya il\u0259 T\u0259\u015fkilat Komit\u0259si aras\u0131nda m\u00fczakir\u0259l\u0259rd\u0259n sonra d\u0259qiql\u0259\u015f\u0259c\u0259k.<\/p>\n<div id=\"AdviadNativeVideo0\" class=\"AdviadNativeVideo\"><\/div>\n<p>T\u0259xir\u0259 sal\u0131nmaya s\u0259b\u0259b Tokio-2020 Yay Olimpiya Oyunlar\u0131d\u0131r. Koronavirus pandemiyas\u0131 \u00fcz\u00fcnd\u0259n 2020-ci ild\u0259n t\u0259xir\u0259 sal\u0131nan yar\u0131\u015f 2021-ci il iyulun 23-d\u0259n avqustun 8-d\u0259k ke\u00e7iril\u0259c\u0259k.<\/p>\n<p>Qeyd ed\u0259k ki, atletika \u00fczr\u0259 bir s\u0131ra yar\u0131\u015flar\u0131n, o c\u00fcml\u0259d\u0259n Avropa \u00e7empionat\u0131n\u0131n da tarixinin d\u0259yi\u015fdiril\u0259c\u0259yi planla\u015fd\u0131r\u0131l\u0131r.<\/p>\n","protected":false},"excerpt":{"rendered":"<p>Atletika \u00fczr\u0259 d\u00fcnya \u00e7empionat\u0131 t\u0259xir\u0259 sal\u0131n\u0131b. Apasport.az sayt\u0131n\u0131n m\u0259lumat\u0131na g\u00f6r\u0259, bu bar\u0259d\u0259 q\u0259rar\u0131 Beyn\u0259lxalq Atletika Federasiyas\u0131 verib. 2021-ci il avqustun&hellip;<\/p>\n","protected":false},"author":1,"featured_media":0,"comment_status":"closed","ping_status":"closed","sticky":false,"template":"","format":"standard","meta":{"om_disable_all_campaigns":false,"_monsterinsights_skip_tracking":false,"_uf_show_specific_survey":0,"_uf_disable_surveys":false,"footnotes":""},"categories":[13],"tags":[],"aioseo_notices":[],"_links":{"self":[{"href":"https:\/\/hakimiyyet.info.az\/index.php?rest_route=\/wp\/v2\/posts\/17012"}],"collection":[{"href":"https:\/\/hakimiyyet.info.az\/index.php?rest_route=\/wp\/v2\/posts"}],"about":[{"href":"https:\/\/hakimiyyet.info.az\/index.php?rest_route=\/wp\/v2\/types\/post"}],"author":[{"embeddable":true,"href":"https:\/\/hakimiyyet.info.az\/index.php?rest_route=\/wp\/v2\/users\/1"}],"replies":[{"embeddable":true,"href":"https:\/\/hakimiyyet.info.az\/index.php?rest_route=%2Fwp%2Fv2%2Fcomments&post=17012"}],"version-history":[{"count":1,"href":"https:\/\/hakimiyyet.info.az\/index.php?rest_route=\/wp\/v2\/posts\/17012\/revisions"}],"predecessor-version":[{"id":17013,"href":"https:\/\/hakimiyyet.info.az\/index.php?rest_route=\/wp\/v2\/posts\/17012\/revisions\/17013"}],"wp:attachment":[{"href":"https:\/\/hakimiyyet.info.az\/index.php?rest_route=%2Fwp%2Fv2%2Fmedia&parent=17012"}],"wp:term":[{"taxonomy":"category","embeddable":true,"href":"https:\/\/hakimiyyet.info.az\/index.php?rest_route=%2Fwp%2Fv2%2Fcategories&post=17012"},{"taxonomy":"post_tag","embeddable":true,"href":"https:\/\/hakimiyyet.info.az\/index.php?rest_route=%2Fwp%2Fv2%2Ftags&post=17012"}],"curies":[{"name":"wp","href":"https:\/\/api.w.org\/{rel}","templated":true}]}}