{"id":17018,"date":"2020-03-30T20:49:38","date_gmt":"2020-03-30T16:49:38","guid":{"rendered":"https:\/\/www.hakimiyyet.com\/?p=17018"},"modified":"2020-03-31T00:19:05","modified_gmt":"2020-03-30T20:19:05","slug":"operativ-q%c9%99rargah-xususi-rejim-dovrund%c9%99-f%c9%99aliyy%c9%99t-gost%c9%99r%c9%99c%c9%99k-dovl%c9%99t-v%c9%99-oz%c9%99l-t%c9%99skilatlarin-siyahisi-v%c9%99-is-rejimi-%c9%99lav%c9%99-olaraq-mu","status":"publish","type":"post","link":"https:\/\/hakimiyyet.info.az\/?p=17018","title":{"rendered":"Operativ Q\u0259rargah: X\u00fcsusi rejim d\u00f6vr\u00fcnd\u0259 f\u0259aliyy\u0259t g\u00f6st\u0259r\u0259c\u0259k d\u00f6vl\u0259t v\u0259 \u00f6z\u0259l t\u0259\u015fkilatlar\u0131n siyah\u0131s\u0131 v\u0259 i\u015f rejimi \u0259lav\u0259 olaraq m\u00fc\u0259yy\u0259n edil\u0259c\u0259k"},"content":{"rendered":"<p><strong><span lang=\"AZ-LATIN\">Az\u0259rbaycanda\u00a0<\/span><\/strong><span lang=\"AZ-LATIN\">31 mart 2020-ci il saat 00:00-dan 20 aprel 2020-ci il saat 00:00-d\u0259k\u00a0<\/span>elan edil\u0259n x\u00fcsusi karantin rejimi d\u00f6vr\u00fcnd\u0259 h\u0259r bir \u015f\u0259xs v\u0259 t\u0259\u015fkilat t\u0259r\u0259find\u0259n elektron ticar\u0259td\u0259n istifad\u0259y\u0259 \u00fcst\u00fcnl\u00fck verilm\u0259lidir.<\/p>\n<p><strong><span lang=\"AZ-LATIN\">Hakimiyyet.com-un m\u0259lumat\u0131na g\u00f6r\u0259, bu, Nazirl\u0259r Kabineti yan\u0131nda Operativ Q\u0259rargah\u0131n m\u00fc\u0259yy\u0259nl\u0259\u015fdirdiyi Koronavirus (COVID-19) infeksiyas\u0131n\u0131n Az\u0259rbaycan Respublikas\u0131n\u0131n \u0259razisind\u0259 geni\u015f yay\u0131lmas\u0131n\u0131n qar\u015f\u0131s\u0131n\u0131n al\u0131nmas\u0131na dair \u0259lav\u0259 t\u0259dbirl\u0259rd\u0259 \u0259ksini tap\u0131b.<\/span><\/strong><\/p>\n<p><strong><span lang=\"AZ-LATIN\">Operativ Q\u0259rargah n\u0259z\u0259r\u0259 \u00e7atd\u0131r\u0131r ki, x<\/span><\/strong><span lang=\"AZ-LATIN\">\u00fcsusi rejim d\u00f6vr\u00fcnd\u0259 f\u0259aliyy\u0259t g\u00f6st\u0259r\u0259c\u0259k d\u00f6vl\u0259t v\u0259 \u00f6z\u0259l t\u0259\u015fkilatlar\u0131n siyah\u0131s\u0131 v\u0259 i\u015f rejimi \u0259lav\u0259 olaraq m\u00fc\u0259yy\u0259n edil\u0259c\u0259k: \u201cCOVID-19 virusunun uzun inkubasiya d\u00f6vr\u00fcn\u00fcn olmas\u0131n\u0131, yay\u0131lma s\u00fcr\u0259tini n\u0259z\u0259r\u0259 alaraq, v\u0259t\u0259nda\u015flar\u0131m\u0131zdan bir daha \u00dcmumd\u00fcnya S\u0259hiyy\u0259 T\u0259\u015fkilat\u0131n\u0131n, Az\u0259rbaycan Respublikas\u0131 Nazirl\u0259r Kabineti yan\u0131nda Operativ Q\u0259rargah\u0131n t\u0259l\u0259b v\u0259 qaydalar\u0131na riay\u0259t etm\u0259k, \u00f6z\u00fcn\u00fct\u0259crid t\u0259dbirl\u0259rin\u0259 uy\u011fun davranmaq, evd\u0259n \u00e7\u0131xmaq z\u0259rur\u0259ti yarand\u0131\u011f\u0131 hallarda tibbi-profilaktik qaydalara \u0259m\u0259l etm\u0259k v\u0259 insanlarla t\u0259mas zaman\u0131 2 metrlik ara m\u0259saf\u0259sini g\u00f6zl\u0259m\u0259k t\u0259l\u0259b olunur. Koronavirus x\u0259st\u0259liyi \u00fc\u00e7\u00fcn xarakterik simptomlar\u0131n hiss olundu\u011fu hallarda\u00a0<\/span><strong>103<\/strong>,\u00a0<strong>113<\/strong>\u00a0t\u0259cili tibbi yard\u0131m xidm\u0259tin\u0259,\u00a0<strong>1542<\/strong>\u00a0n\u00f6mr\u0259li qaynar x\u0259tt\u0259 z\u0259ng etm\u0259k ciddi t\u00f6vsiy\u0259 edilir\u201d.<\/p>\n","protected":false},"excerpt":{"rendered":"<p>Az\u0259rbaycanda\u00a031 mart 2020-ci il saat 00:00-dan 20 aprel 2020-ci il saat 00:00-d\u0259k\u00a0elan edil\u0259n x\u00fcsusi karantin rejimi d\u00f6vr\u00fcnd\u0259 h\u0259r bir \u015f\u0259xs&hellip;<\/p>\n","protected":false},"author":1,"featured_media":0,"comment_status":"closed","ping_status":"closed","sticky":false,"template":"","format":"standard","meta":{"om_disable_all_campaigns":false,"_monsterinsights_skip_tracking":false,"_uf_show_specific_survey":0,"_uf_disable_surveys":false,"footnotes":""},"categories":[5],"tags":[],"aioseo_notices":[],"_links":{"self":[{"href":"https:\/\/hakimiyyet.info.az\/index.php?rest_route=\/wp\/v2\/posts\/17018"}],"collection":[{"href":"https:\/\/hakimiyyet.info.az\/index.php?rest_route=\/wp\/v2\/posts"}],"about":[{"href":"https:\/\/hakimiyyet.info.az\/index.php?rest_route=\/wp\/v2\/types\/post"}],"author":[{"embeddable":true,"href":"https:\/\/hakimiyyet.info.az\/index.php?rest_route=\/wp\/v2\/users\/1"}],"replies":[{"embeddable":true,"href":"https:\/\/hakimiyyet.info.az\/index.php?rest_route=%2Fwp%2Fv2%2Fcomments&post=17018"}],"version-history":[{"count":3,"href":"https:\/\/hakimiyyet.info.az\/index.php?rest_route=\/wp\/v2\/posts\/17018\/revisions"}],"predecessor-version":[{"id":17075,"href":"https:\/\/hakimiyyet.info.az\/index.php?rest_route=\/wp\/v2\/posts\/17018\/revisions\/17075"}],"wp:attachment":[{"href":"https:\/\/hakimiyyet.info.az\/index.php?rest_route=%2Fwp%2Fv2%2Fmedia&parent=17018"}],"wp:term":[{"taxonomy":"category","embeddable":true,"href":"https:\/\/hakimiyyet.info.az\/index.php?rest_route=%2Fwp%2Fv2%2Fcategories&post=17018"},{"taxonomy":"post_tag","embeddable":true,"href":"https:\/\/hakimiyyet.info.az\/index.php?rest_route=%2Fwp%2Fv2%2Ftags&post=17018"}],"curies":[{"name":"wp","href":"https:\/\/api.w.org\/{rel}","templated":true}]}}