{"id":17121,"date":"2020-03-31T11:49:53","date_gmt":"2020-03-31T07:49:53","guid":{"rendered":"https:\/\/www.hakimiyyet.com\/?p=17121"},"modified":"2020-03-31T11:49:53","modified_gmt":"2020-03-31T07:49:53","slug":"tehrandan-kritik-qarabag-aciqlamasi-bu-cur-addimlar","status":"publish","type":"post","link":"https:\/\/hakimiyyet.info.az\/?p=17121","title":{"rendered":"Tehrandan kritik Qaraba\u011f a\u00e7\u0131qlamas\u0131: &#8220;Bu c\u00fcr add\u0131mlar&#8230;&#8221;"},"content":{"rendered":"<div class=\"row\">\n<div class=\"col-sm-16 sec-info\">\n<p><strong>\u0130ran\u0131n Xarici \u0130\u015fl\u0259r Nazirliyi Az\u0259rbaycan\u0131n i\u015f\u011fal edilmi\u015f Da\u011fl\u0131q Qaraba\u011f b\u00f6lg\u0259sind\u0259 ke\u00e7iril\u0259c\u0259k qondarma prezident v\u0259 parlament se\u00e7kil\u0259ri il\u0259 ba\u011fl\u0131 a\u00e7\u0131qlama yay\u0131b.<\/strong><\/p>\n<p><span class=\"red\"><a href=\"http:\/\/teleqraf.com\/\" target=\"_blank\" rel=\"noopener noreferrer\">Teleqraf.com<\/a><\/span>\u00a0x\u0259b\u0259r verir ki, \u0130ran X\u0130N-in s\u00f6z\u00fc\u00e7\u00fc Seyid Abbas Mus\u0259vi \u0130ran \u0130slam Respublikas\u0131n\u0131n g\u0259rginlik v\u0259 ixtilaf\u0131n artmas\u0131na s\u0259b\u0259b olan h\u0259r c\u00fcr add\u0131m\u0131n \u0259leyhin\u0259 oldu\u011funu b\u0259yan edib.<\/p>\n<p>&#8220;Biz d\u00fc\u015f\u00fcn\u00fcr\u00fck ki, iki qon\u015fu \u00f6lk\u0259 olan &#8211; Az\u0259rbaycan v\u0259 Erm\u0259nistan aras\u0131nda ixtilaflar\u0131n h\u0259llini \u00e7\u0259tinl\u0259\u015fdir\u0259n h\u0259r c\u00fcr add\u0131m\u0131n at\u0131lmas\u0131ndan \u00e7\u0259kinilm\u0259lidir&#8221;, &#8211; dey\u0259 Mus\u0259vi qeyd edib.<\/p>\n<p>Onun s\u00f6zl\u0259rin\u0259 g\u00f6r\u0259, Da\u011fl\u0131q Qaraba\u011f m\u00fcnaqi\u015f\u0259si s\u00fclh yolu il\u0259 beyn\u0259lxalq qanun v\u0259 prinsipl\u0259r \u00e7\u0259r\u00e7iv\u0259sind\u0259 h\u0259ll olunmal\u0131d\u0131r.<\/p>\n<hr \/>\n<\/div>\n<\/div>\n<div class=\"row\">\n<div class=\"col-md-12\"><strong>M\u00fc\u0259llif<\/strong>: N\u0259rgiz Cavadzad\u0259<\/div>\n<\/div>\n","protected":false},"excerpt":{"rendered":"<p>\u0130ran\u0131n Xarici \u0130\u015fl\u0259r Nazirliyi Az\u0259rbaycan\u0131n i\u015f\u011fal edilmi\u015f Da\u011fl\u0131q Qaraba\u011f b\u00f6lg\u0259sind\u0259 ke\u00e7iril\u0259c\u0259k qondarma prezident v\u0259 parlament se\u00e7kil\u0259ri il\u0259 ba\u011fl\u0131 a\u00e7\u0131qlama yay\u0131b.&hellip;<\/p>\n","protected":false},"author":2,"featured_media":0,"comment_status":"closed","ping_status":"closed","sticky":false,"template":"","format":"standard","meta":{"om_disable_all_campaigns":false,"_monsterinsights_skip_tracking":false,"_uf_show_specific_survey":0,"_uf_disable_surveys":false,"footnotes":""},"categories":[9,7],"tags":[],"aioseo_notices":[],"_links":{"self":[{"href":"https:\/\/hakimiyyet.info.az\/index.php?rest_route=\/wp\/v2\/posts\/17121"}],"collection":[{"href":"https:\/\/hakimiyyet.info.az\/index.php?rest_route=\/wp\/v2\/posts"}],"about":[{"href":"https:\/\/hakimiyyet.info.az\/index.php?rest_route=\/wp\/v2\/types\/post"}],"author":[{"embeddable":true,"href":"https:\/\/hakimiyyet.info.az\/index.php?rest_route=\/wp\/v2\/users\/2"}],"replies":[{"embeddable":true,"href":"https:\/\/hakimiyyet.info.az\/index.php?rest_route=%2Fwp%2Fv2%2Fcomments&post=17121"}],"version-history":[{"count":1,"href":"https:\/\/hakimiyyet.info.az\/index.php?rest_route=\/wp\/v2\/posts\/17121\/revisions"}],"predecessor-version":[{"id":17122,"href":"https:\/\/hakimiyyet.info.az\/index.php?rest_route=\/wp\/v2\/posts\/17121\/revisions\/17122"}],"wp:attachment":[{"href":"https:\/\/hakimiyyet.info.az\/index.php?rest_route=%2Fwp%2Fv2%2Fmedia&parent=17121"}],"wp:term":[{"taxonomy":"category","embeddable":true,"href":"https:\/\/hakimiyyet.info.az\/index.php?rest_route=%2Fwp%2Fv2%2Fcategories&post=17121"},{"taxonomy":"post_tag","embeddable":true,"href":"https:\/\/hakimiyyet.info.az\/index.php?rest_route=%2Fwp%2Fv2%2Ftags&post=17121"}],"curies":[{"name":"wp","href":"https:\/\/api.w.org\/{rel}","templated":true}]}}