{"id":18983,"date":"2020-04-02T19:56:35","date_gmt":"2020-04-02T15:56:35","guid":{"rendered":"https:\/\/www.hakimiyyet.com\/2019\/18983"},"modified":"2020-04-02T19:56:35","modified_gmt":"2020-04-02T15:56:35","slug":"beyn%c9%99lxalq-mugam-m%c9%99rk%c9%99zi-yeni-onlayn-layih%c9%99l%c9%99r%c9%99-start-verir","status":"publish","type":"post","link":"https:\/\/hakimiyyet.info.az\/?p=18983","title":{"rendered":"Beyn\u0259lxalq Mu\u011fam M\u0259rk\u0259zi yeni onlayn layih\u0259l\u0259r\u0259 start verir"},"content":{"rendered":"<p> [ad_1]<br \/>\n<\/p>\n<div>\n<p>Bak\u0131. Trend:<\/p>\n<p>Az\u0259rbaycan Respublikas\u0131n\u0131n Nazirl\u0259r Kabineti yan\u0131nda Operativ Q\u0259rargah\u0131n m\u00fcvafiq q\u0259rar\u0131na \u0259sas\u0259n mart\u0131n 14-d\u0259n ba\u015flayaraq \u00f6lk\u0259 \u0259razisind\u0259 t\u0259tbiq edil\u0259n sosial izolyasiya t\u0259dbirl\u0259ri il\u0259 \u0259laq\u0259dar olaraq b\u00fct\u00fcn m\u0259d\u0259niyy\u0259t m\u00fc\u0259ssis\u0259l\u0259ri kimi Beyn\u0259lxalq Mu\u011fam M\u0259rk\u0259zi (BMM) d\u0259 konsert v\u0259 layih\u0259l\u0259ri dayand\u0131r\u0131b.<\/p>\n<p>Beyn\u0259lxalq Mu\u011fam M\u0259rk\u0259zind\u0259n Trend-\u0259 veril\u0259n m\u0259lumata gr\u0259, d\u00fcnya koronavirusla m\u00fcbariz\u0259 aparark\u0259n c\u0259nab Prezidentimiz \u0130lham \u018fliyev t\u0259r\u0259find\u0259n t\u0259cili laz\u0131mi q\u0259rarlar verildi. Prezidentimiz \u0130lham \u018fliyev v\u0259 Birinci vitse Przezident Mehriban xan\u0131m \u018fliyeva xalqa m\u00fcraci\u0259t etdil\u0259r. Bu g\u00fcn d\u00f6vl\u0259timiz bu g\u00f6z\u0259g\u00f6r\u00fcnm\u0259y\u0259n d\u00fc\u015fm\u0259nl\u0259 m\u00fcbariz\u0259 aparmaq \u00fc\u00e7\u00fcn v\u0259t\u0259nda\u015flar\u0131n\u0131n yan\u0131nda olaraq onlar\u0131n sa\u011flaml\u0131\u011f\u0131n\u0131n v\u0259 h\u0259yat f\u0259aliyy\u0259tl\u0259rinin m\u00fcdaf\u0259si \u00fc\u00e7\u00fcn b\u00fct\u00fcn t\u0259dbirl\u0259ri g\u00f6rm\u0259kd\u0259dir. Biz d\u00f6vl\u0259timiz\u0259, c\u0259nab Prezidentin v\u0259 Birinci vitse prezident Mehriban xan\u0131m\u0131n m\u00fcraci\u0259tl\u0259rin\u0259 d\u0259st\u0259k v\u0259 g\u0259l\u0259c\u0259yimiz namin\u0259 h\u0259mr\u0259y olmal\u0131y\u0131q.<\/p>\n<p>Bu g\u00fcnl\u0259rd\u0259 M\u0259d\u0259niyy\u0259t Nazirliyi m\u0259d\u0259niyy\u0259timizin t\u0259bli\u011fi istiqam\u0259tind\u0259 bir \u00e7ox yeni onlayn layih\u0259l\u0259rin realla\u015fd\u0131r\u0131lmas\u0131n\u0131 h\u0259yata ke\u00e7irdi. Nazirlik t\u0259r\u0259find\u0259n bir ne\u00e7\u0259 yeni layih\u0259l\u0259r t\u0259qdim edildi. B\u00fct\u00fcn bu add\u0131mlar s\u0259m\u0259r\u0259li m\u0259d\u0259ni aktivliy\u0259 v\u0259 yarad\u0131c\u0131 ruhun davaml\u0131l\u0131\u011f\u0131na xidm\u0259t edir.<\/p>\n<p>\u018fminik ki, c\u0259nab Prezidentin r\u0259hb\u0259rliyi alt\u0131nda m\u00fcvafiq d\u00f6vl\u0259t qurumlar\u0131n\u0131n v\u0259 c\u0259miyy\u0259timizin birg\u0259 s\u0259yl\u0259ri il\u0259 \u00f6lk\u0259miz bu \u00e7\u0259tin s\u0131naqdan q\u0131sa zamanda \u00e7\u0131xacaq.<\/p>\n<p>BMM d\u0259 \u00f6z n\u00f6vb\u0259sind\u0259 karantin g\u00fcnl\u0259rind\u0259 evd\u0259 olan v\u0259t\u0259nda\u015flar\u0131m\u0131za b\u00fct\u00fcn m\u00fcmk\u00fcn vasit\u0259l\u0259rd\u0259n istifad\u0259 ed\u0259r\u0259k Az\u0259rbaycan m\u0259d\u0259niyy\u0259tinin, mu\u011fam s\u0259n\u0259timizin z\u0259nginliyini \u00e7atd\u0131rma\u011fa \u00e7al\u0131\u015facaq.<\/p>\n<p>M\u00fct\u0259madi olaraq m\u00fcxt\u0259lif konsert, elmi n\u0259z\u0259ri v\u0259 t\u0259dqiqat xarakterli layih\u0259l\u0259rl\u0259 tama\u015fa\u00e7\u0131lar\u0131n g\u00f6r\u00fc\u015f\u00fcn\u0259 g\u0259l\u0259n BMM m\u00fcv\u0259qq\u0259ti olaraq onlayn \u015f\u0259kild\u0259 \u00f6z Facebook v\u0259 \u0130nstagram s\u0259hif\u0259sind\u0259nd\u0259n sizl\u0259r\u0259 m\u0259d\u0259ni xidm\u0259t g\u00f6st\u0259r\u0259c\u0259k.<\/p>\n<p><meta name=\"viewport\" content=\"width=device-width, initial-scale=1\"\/><\/p>\n<p>BMM-nin t\u0259qdim ed\u0259c\u0259yi ilk layih\u0259 mu\u011fam ifa\u00e7\u0131lar\u0131 t\u0259r\u0259find\u0259n s\u0259n\u0259tsev\u0259rl\u0259r\u0259 \u00fcnvanlanacaq maarifl\u0259ndirici v\u0259 pozitiv \u00e7a\u011f\u0131r\u0131\u015flardan ibar\u0259tdir. \u0130kinci layih\u0259d\u0259 \u0259vv\u0259lc\u0259d\u0259n elan edilm\u0259kl\u0259 q\u0131sa olaraq mu\u011fam saat\u0131 konsertl\u0259ri t\u0259\u015fkil edil\u0259c\u0259k.<\/p>\n<p>\u00dc\u00e7\u00fcnc\u00fc layih\u0259 is\u0259 Beyn\u0259lxalq Mu\u011fam M\u0259rk\u0259zinin foyesind\u0259 b\u00fcstl\u0259ri b\u0259rq\u0259rar olan mu\u011fam korifeyl\u0259ri v\u0259 muzey hiss\u0259sind\u0259n q\u0259dim musiqi al\u0259tl\u0259ri ekspozisiyas\u0131ndan m\u00fchazir\u0259l\u0259r t\u0259qdim olunacaq.<\/p>\n<p>Layih\u0259nin m\u0259qs\u0259di insanlar\u0131 inc\u0259s\u0259n\u0259t\u0259, mu\u011fam irsimiz\u0259 bir add\u0131m daha yax\u0131n etm\u0259k v\u0259 milli musiqi al\u0259tl\u0259rimiz, mu\u011fam korifeyl\u0259rimizi b\u00f6y\u00fck auditoriyaya tan\u0131tmaqd\u0131r.<\/p>\n<p>H\u0259r \u00fc\u00e7 layih\u0259nin saatlar\u0131 haqq\u0131nda \u0259lav\u0259 m\u0259lumat BMM-nin Facebook v\u0259 \u0130nstagram s\u0259hif\u0259l\u0259rind\u0259 veril\u0259c\u0259k. Tezlikl\u0259 sizi layih\u0259l\u0259rin qrafikl\u0259ri il\u0259 tan\u0131\u015f ed\u0259c\u0259yik.<\/p>\n<\/p><\/div>\n","protected":false},"excerpt":{"rendered":"<p>[ad_1] Bak\u0131. Trend: Az\u0259rbaycan Respublikas\u0131n\u0131n Nazirl\u0259r Kabineti yan\u0131nda Operativ Q\u0259rargah\u0131n m\u00fcvafiq q\u0259rar\u0131na \u0259sas\u0259n mart\u0131n 14-d\u0259n ba\u015flayaraq \u00f6lk\u0259 \u0259razisind\u0259 t\u0259tbiq edil\u0259n&hellip;<\/p>\n","protected":false},"author":1,"featured_media":18984,"comment_status":"closed","ping_status":"closed","sticky":false,"template":"","format":"standard","meta":{"om_disable_all_campaigns":false,"_monsterinsights_skip_tracking":false,"_uf_show_specific_survey":0,"_uf_disable_surveys":false,"footnotes":""},"categories":[5],"tags":[],"aioseo_notices":[],"_links":{"self":[{"href":"https:\/\/hakimiyyet.info.az\/index.php?rest_route=\/wp\/v2\/posts\/18983"}],"collection":[{"href":"https:\/\/hakimiyyet.info.az\/index.php?rest_route=\/wp\/v2\/posts"}],"about":[{"href":"https:\/\/hakimiyyet.info.az\/index.php?rest_route=\/wp\/v2\/types\/post"}],"author":[{"embeddable":true,"href":"https:\/\/hakimiyyet.info.az\/index.php?rest_route=\/wp\/v2\/users\/1"}],"replies":[{"embeddable":true,"href":"https:\/\/hakimiyyet.info.az\/index.php?rest_route=%2Fwp%2Fv2%2Fcomments&post=18983"}],"version-history":[{"count":0,"href":"https:\/\/hakimiyyet.info.az\/index.php?rest_route=\/wp\/v2\/posts\/18983\/revisions"}],"wp:featuredmedia":[{"embeddable":true,"href":"https:\/\/hakimiyyet.info.az\/index.php?rest_route=\/wp\/v2\/media\/18984"}],"wp:attachment":[{"href":"https:\/\/hakimiyyet.info.az\/index.php?rest_route=%2Fwp%2Fv2%2Fmedia&parent=18983"}],"wp:term":[{"taxonomy":"category","embeddable":true,"href":"https:\/\/hakimiyyet.info.az\/index.php?rest_route=%2Fwp%2Fv2%2Fcategories&post=18983"},{"taxonomy":"post_tag","embeddable":true,"href":"https:\/\/hakimiyyet.info.az\/index.php?rest_route=%2Fwp%2Fv2%2Ftags&post=18983"}],"curies":[{"name":"wp","href":"https:\/\/api.w.org\/{rel}","templated":true}]}}