{"id":19002,"date":"2020-04-02T20:18:37","date_gmt":"2020-04-02T16:18:37","guid":{"rendered":"https:\/\/www.hakimiyyet.com\/2019\/19002"},"modified":"2020-04-02T20:18:37","modified_gmt":"2020-04-02T16:18:37","slug":"aprel-doyusl%c9%99rind%c9%99-v%c9%99t%c9%99n-ugrunda-q%c9%99hr%c9%99mancasina-h%c9%99lak-olmus-igid-ogullarimizin-%c9%99ziz-xatir%c9%99si-q%c9%99lbimizd%c9%99-daim-yasayacaqdir-foto","status":"publish","type":"post","link":"https:\/\/hakimiyyet.info.az\/?p=19002","title":{"rendered":"Aprel d\u00f6y\u00fc\u015fl\u0259rind\u0259 V\u0259t\u0259n u\u011frunda q\u0259hr\u0259mancas\u0131na h\u0259lak olmu\u015f igid o\u011fullar\u0131m\u0131z\u0131n \u0259ziz xatir\u0259si q\u0259lbimizd\u0259 daim ya\u015fayacaqd\u0131r (FOTO)"},"content":{"rendered":"<p> [ad_1]<br \/>\n<\/p>\n<div>\n<p>Bak\u0131. Trend:<\/p>\n<p>Az\u0259rbaycan\u0131n Birinci vitse-prezidenti Mehriban \u018fliyeva <a href=\"https:\/\/www.instagram.com\/p\/B-cMNNJAgS7\/?igshid=1t0omd4hybm0n\" style=\"box-sizing: border-box; -webkit-font-smoothing: antialiased; text-decoration-line: none; position: relative; padding: 0px 3px; border-bottom: 1px solid rgb(160, 8, 17); border-radius: 2px; transition: all 0.2s ease 0s; color: rgb(160, 8, 17) !important;\" target=\"_blank\" rel=\"noopener noreferrer\">r\u0259smi \u0130nstaqram s\u0259hif\u0259si<\/a>nd\u0259 Az\u0259rbaycan Ordusunun Aprel q\u0259l\u0259b\u0259l\u0259rinin ild\u00f6n\u00fcm\u00fc il\u0259 ba\u011fl\u0131 payla\u015f\u0131m edib.<\/p>\n<p>Trend-in m\u0259lumat\u0131na g\u00f6r\u0259, Birinci vitse-prezident Mehriban \u018fliyevan\u0131n payla\u015f\u0131m\u0131nda deyilir:<\/p>\n<p>&#8220;Aprel d\u00f6y\u00fc\u015fl\u0259rind\u0259 V\u0259t\u0259n u\u011frunda q\u0259hr\u0259mancas\u0131na h\u0259lak olmu\u015f igid o\u011fullar\u0131m\u0131z\u0131n \u0259ziz xatir\u0259si q\u0259lbimizd\u0259 daim ya\u015fayacaqd\u0131r! Allah b\u00fct\u00fcn \u015f\u0259hidl\u0259rimiz\u0259 r\u0259hm\u0259t el\u0259sin!&#8221;.<\/p>\n<\/p><\/div>\n<p><script async defer src=\"https:\/\/platform.instagram.com\/en_US\/embeds.js\"><\/script><\/p>\n","protected":false},"excerpt":{"rendered":"<p>[ad_1] Bak\u0131. Trend: Az\u0259rbaycan\u0131n Birinci vitse-prezidenti Mehriban \u018fliyeva r\u0259smi \u0130nstaqram s\u0259hif\u0259sind\u0259 Az\u0259rbaycan Ordusunun Aprel q\u0259l\u0259b\u0259l\u0259rinin ild\u00f6n\u00fcm\u00fc il\u0259 ba\u011fl\u0131 payla\u015f\u0131m edib.&hellip;<\/p>\n","protected":false},"author":1,"featured_media":19003,"comment_status":"closed","ping_status":"closed","sticky":false,"template":"","format":"standard","meta":{"om_disable_all_campaigns":false,"_monsterinsights_skip_tracking":false,"_uf_show_specific_survey":0,"_uf_disable_surveys":false,"footnotes":""},"categories":[5],"tags":[],"aioseo_notices":[],"_links":{"self":[{"href":"https:\/\/hakimiyyet.info.az\/index.php?rest_route=\/wp\/v2\/posts\/19002"}],"collection":[{"href":"https:\/\/hakimiyyet.info.az\/index.php?rest_route=\/wp\/v2\/posts"}],"about":[{"href":"https:\/\/hakimiyyet.info.az\/index.php?rest_route=\/wp\/v2\/types\/post"}],"author":[{"embeddable":true,"href":"https:\/\/hakimiyyet.info.az\/index.php?rest_route=\/wp\/v2\/users\/1"}],"replies":[{"embeddable":true,"href":"https:\/\/hakimiyyet.info.az\/index.php?rest_route=%2Fwp%2Fv2%2Fcomments&post=19002"}],"version-history":[{"count":0,"href":"https:\/\/hakimiyyet.info.az\/index.php?rest_route=\/wp\/v2\/posts\/19002\/revisions"}],"wp:featuredmedia":[{"embeddable":true,"href":"https:\/\/hakimiyyet.info.az\/index.php?rest_route=\/wp\/v2\/media\/19003"}],"wp:attachment":[{"href":"https:\/\/hakimiyyet.info.az\/index.php?rest_route=%2Fwp%2Fv2%2Fmedia&parent=19002"}],"wp:term":[{"taxonomy":"category","embeddable":true,"href":"https:\/\/hakimiyyet.info.az\/index.php?rest_route=%2Fwp%2Fv2%2Fcategories&post=19002"},{"taxonomy":"post_tag","embeddable":true,"href":"https:\/\/hakimiyyet.info.az\/index.php?rest_route=%2Fwp%2Fv2%2Ftags&post=19002"}],"curies":[{"name":"wp","href":"https:\/\/api.w.org\/{rel}","templated":true}]}}