{"id":19012,"date":"2020-04-02T20:32:43","date_gmt":"2020-04-02T16:32:43","guid":{"rendered":"https:\/\/www.hakimiyyet.com\/?p=19012"},"modified":"2020-04-02T20:32:43","modified_gmt":"2020-04-02T16:32:43","slug":"neftcalada-aprel-s%c9%99hidl%c9%99rinin-m%c9%99zarlari-ziyar%c9%99t-olunub","status":"publish","type":"post","link":"https:\/\/hakimiyyet.info.az\/?p=19012","title":{"rendered":"Neft\u00e7alada Aprel \u015f\u0259hidl\u0259rinin m\u0259zarlar\u0131 ziyar\u0259t olunub"},"content":{"rendered":"<p>Aprelin 2-d\u0259 Neft\u00e7ala Rayon \u0130cra Hakimiyy\u0259tinin ba\u015f\u00e7\u0131s\u0131 Mirh\u0259s\u0259n Seyidov v\u0259 yerli icra n\u00fcmay\u0259nd\u0259l\u0259ri Aprel d\u00f6y\u00fc\u015fl\u0259rinin q\u0259hr\u0259manlar\u0131ndan olmu\u015f v\u0259 qazan\u0131lan z\u0259f\u0259rd\u0259 b\u00f6y\u00fck \u015f\u00fcca\u0259tl\u0259r g\u00f6st\u0259rmi\u015f \u015f\u0259hidl\u0259rimiz, Az\u0259rbaycan\u0131n Milli Q\u0259hr\u0259man\u0131, mayor Samid \u0130manov v\u0259 ki\u00e7ik gizir Elmidar S\u0259f\u0259rovun m\u0259zarlar\u0131n\u0131 ziyar\u0259t edibl\u0259r.<\/p>\n<p><a class=\"azertac-link\" href=\"https:\/\/azertag.az\/\" target=\"_blank\" rel=\"noopener noreferrer\">AZ\u018fRTAC<\/a>\u00a0x\u0259b\u0259r verir ki, \u015f\u0259hidl\u0259rimizin ail\u0259 \u00fczvl\u0259rin\u0259 ba\u015fsa\u011fl\u0131\u011f\u0131 ver\u0259n rayon r\u0259hb\u0259rliyinin n\u00fcmay\u0259nd\u0259l\u0259ri Az\u0259rbaycan xalq\u0131n\u0131n bel\u0259 v\u0259t\u0259np\u0259rv\u0259r o\u011fullar\u0131n\u0131 he\u00e7 vaxt unutmayaca\u011f\u0131n\u0131 bildiribl\u0259r. O da qeyd edilib ki, Aprel z\u0259f\u0259ri i\u015f\u011fal\u00e7\u0131 \u00f6lk\u0259 olan Erm\u0259nistana, el\u0259c\u0259 d\u0259 b\u00fct\u00fcn d\u00fcnyaya Az\u0259rbaycan Ordusunun g\u00fcc\u00fcn\u00fc, q\u0259l\u0259b\u0259 \u0259zmini v\u0259 \u0259dal\u0259tin gec-tez b\u0259rpa olunaca\u011f\u0131n\u0131 n\u00fcmayi\u015f etdirib<\/p>\n<p><img decoding=\"async\" loading=\"lazy\" class=\"\" src=\"https:\/\/azertag.az\/files\/galleryphoto\/2020\/1\/1000x669\/1585842902300274378_1000x669.jpg\" width=\"330\" height=\"219\" \/><img decoding=\"async\" loading=\"lazy\" class=\"\" src=\"https:\/\/azertag.az\/files\/galleryphoto\/2020\/1\/1000x669\/15858429023377163563_1000x669.jpg\" width=\"328\" height=\"218\" \/><\/p>\n","protected":false},"excerpt":{"rendered":"<p>Aprelin 2-d\u0259 Neft\u00e7ala Rayon \u0130cra Hakimiyy\u0259tinin ba\u015f\u00e7\u0131s\u0131 Mirh\u0259s\u0259n Seyidov v\u0259 yerli icra n\u00fcmay\u0259nd\u0259l\u0259ri Aprel d\u00f6y\u00fc\u015fl\u0259rinin q\u0259hr\u0259manlar\u0131ndan olmu\u015f v\u0259 qazan\u0131lan z\u0259f\u0259rd\u0259&hellip;<\/p>\n","protected":false},"author":2,"featured_media":19020,"comment_status":"closed","ping_status":"closed","sticky":false,"template":"","format":"standard","meta":{"om_disable_all_campaigns":false,"_monsterinsights_skip_tracking":false,"_uf_show_specific_survey":0,"_uf_disable_surveys":false,"footnotes":""},"categories":[2,4,5],"tags":[],"aioseo_notices":[],"_links":{"self":[{"href":"https:\/\/hakimiyyet.info.az\/index.php?rest_route=\/wp\/v2\/posts\/19012"}],"collection":[{"href":"https:\/\/hakimiyyet.info.az\/index.php?rest_route=\/wp\/v2\/posts"}],"about":[{"href":"https:\/\/hakimiyyet.info.az\/index.php?rest_route=\/wp\/v2\/types\/post"}],"author":[{"embeddable":true,"href":"https:\/\/hakimiyyet.info.az\/index.php?rest_route=\/wp\/v2\/users\/2"}],"replies":[{"embeddable":true,"href":"https:\/\/hakimiyyet.info.az\/index.php?rest_route=%2Fwp%2Fv2%2Fcomments&post=19012"}],"version-history":[{"count":1,"href":"https:\/\/hakimiyyet.info.az\/index.php?rest_route=\/wp\/v2\/posts\/19012\/revisions"}],"predecessor-version":[{"id":19021,"href":"https:\/\/hakimiyyet.info.az\/index.php?rest_route=\/wp\/v2\/posts\/19012\/revisions\/19021"}],"wp:featuredmedia":[{"embeddable":true,"href":"https:\/\/hakimiyyet.info.az\/index.php?rest_route=\/wp\/v2\/media\/19020"}],"wp:attachment":[{"href":"https:\/\/hakimiyyet.info.az\/index.php?rest_route=%2Fwp%2Fv2%2Fmedia&parent=19012"}],"wp:term":[{"taxonomy":"category","embeddable":true,"href":"https:\/\/hakimiyyet.info.az\/index.php?rest_route=%2Fwp%2Fv2%2Fcategories&post=19012"},{"taxonomy":"post_tag","embeddable":true,"href":"https:\/\/hakimiyyet.info.az\/index.php?rest_route=%2Fwp%2Fv2%2Ftags&post=19012"}],"curies":[{"name":"wp","href":"https:\/\/api.w.org\/{rel}","templated":true}]}}