{"id":19013,"date":"2020-04-02T20:29:36","date_gmt":"2020-04-02T16:29:36","guid":{"rendered":"https:\/\/www.hakimiyyet.com\/2019\/19013"},"modified":"2020-04-02T20:29:36","modified_gmt":"2020-04-02T16:29:36","slug":"ozunuzu-v%c9%99-xalqimizi-qorumaq-ucun-bu-gunl%c9%99rd%c9%99-evd%c9%99-qalin-video","status":"publish","type":"post","link":"https:\/\/hakimiyyet.info.az\/?p=19013","title":{"rendered":"\u00d6z\u00fcn\u00fcz\u00fc v\u0259 xalq\u0131m\u0131z\u0131 qorumaq \u00fc\u00e7\u00fcn bu g\u00fcnl\u0259rd\u0259 evd\u0259 qal\u0131n (V\u0130DEO)"},"content":{"rendered":"<p> [ad_1]<br \/>\n<\/p>\n<div>\n<p>Bak\u0131. Samir \u018fli &#8211; Trend:<\/p>\n<p>\u00d6z\u00fcn\u00fcz\u00fc v\u0259 xalq\u0131m\u0131z\u0131 qorumaq \u00fc\u00e7\u00fcn bu g\u00fcnl\u0259rd\u0259 evd\u0259 qal\u0131n.<\/p>\n<p>Bunu Trend-\u0259 a\u00e7\u0131qlamas\u0131nda Xalq artisti M\u0259leyk\u0259 \u018fs\u0259dova deyib.<\/p>\n<p>O bildirib ki, \u00f6lk\u0259d\u0259 koronavirusdan qorunmaq \u00fc\u00e7\u00fcn t\u0259tbiq edil\u0259n x\u00fcsusi karantin rejimin\u0259 h\u0259r k\u0259s \u0259m\u0259l etm\u0259li v\u0259 evd\u0259n \u00e7\u0131xmamal\u0131d\u0131r:<\/p>\n<p>&#8220;M\u0259n d\u0259 bu g\u00fcnl\u0259rd\u0259 \u00f6z\u00fcm\u00fc v\u0259 yax\u0131nlar\u0131m\u0131 qorumaq \u00fc\u00e7\u00fcn evd\u0259y\u0259m. Az\u0259rbaycan d\u00f6vl\u0259ti, d\u00f6vl\u0259t ba\u015f\u00e7\u0131m\u0131z \u0130lham \u018fliyev v\u0259 Birinci vitse-prezident Mehriban xan\u0131m \u018fliyeva da biz\u0259 bununla ba\u011fl\u0131 m\u00fcraci\u0259tl\u0259r edibl\u0259r. Biz \u00f6z\u00fcm\u00fcz\u00fc, ail\u0259 \u00fczvl\u0259rimizi, qohumlar\u0131m\u0131z\u0131, tan\u0131\u015flar\u0131m\u0131z\u0131, bir s\u00f6zl\u0259 xalq\u0131m\u0131z\u0131 d\u00fc\u015f\u00fcnm\u0259liyik. Bunun \u00fc\u00e7\u00fcn is\u0259 evd\u0259 qalmal\u0131y\u0131q. \u018fg\u0259r evd\u0259 qalsaq, bu virusa qalib g\u0259l\u0259c\u0259yik. M\u0259n b\u00fct\u00fcn v\u0259t\u0259nda\u015flar\u0131m\u0131z\u0131 evd\u0259 qalma\u011fa \u00e7a\u011f\u0131r\u0131ram&#8221;.<\/p>\n<p>Xat\u0131rladaq ki, koronavirus (COVID-19) infeksiyas\u0131n\u0131n Az\u0259rbaycan \u0259razisind\u0259 geni\u015f yay\u0131lmas\u0131n\u0131n qar\u015f\u0131s\u0131n\u0131n al\u0131nmas\u0131 \u00fczr\u0259 d\u00f6vl\u0259t t\u0259r\u0259find\u0259n h\u0259yata ke\u00e7iril\u0259n t\u0259dbirl\u0259r \u00e7\u0259r\u00e7iv\u0259sind\u0259 insanlar\u0131n f\u0259rdi evl\u0259rind\u0259 v\u0259 m\u0259nzill\u0259rind\u0259, daimi v\u0259 ya m\u00fcv\u0259qq\u0259ti ya\u015fad\u0131qlar\u0131 (olduqlar\u0131) yerl\u0259rd\u0259 qalmalar\u0131 t\u0259l\u0259b olunur.<\/p>\n<p><meta name=\"viewport\" content=\"width=device-width, initial-scale=1\"\/><\/p>\n<p>Qeyd olunanlarla \u0259laq\u0259dar insanlar\u0131n h\u0259yat v\u0259 f\u0259aliyy\u0259ti \u00fc\u00e7\u00fcn z\u0259ruri olan i\u015f v\u0259 xidm\u0259t sah\u0259l\u0259rind\u0259n ba\u015fqa dig\u0259r istiqam\u0259tl\u0259r \u00fczr\u0259 f\u0259aliyy\u0259t 2020-ci il 31 mart saat 00:00-dan 2020-ci il 20 aprel saat 00:00-d\u0259k dayand\u0131r\u0131l\u0131r.<\/p>\n<p>F\u0259rdi evl\u0259rd\u0259n v\u0259 m\u0259nzill\u0259rd\u0259n insanlar\u0131n \u00e7\u0131x\u0131\u015f\u0131 &#8211; t\u0259xir\u0259sal\u0131nmaz tibbi yard\u0131ma z\u0259rur\u0259t olduqda, h\u0259yat v\u0259 sa\u011flaml\u0131\u011fa bilavasit\u0259 t\u0259hl\u00fck\u0259li v\u0259ziyy\u0259t yarand\u0131qda, f\u0259aliyy\u0259tin\u0259 icaz\u0259 veril\u0259n p\u0259rak\u0259nd\u0259 sat\u0131\u015f v\u0259 \u0259haliy\u0259 xidm\u0259t g\u00f6st\u0259r\u0259n obyektl\u0259r\u0259 getm\u0259k, m\u0259i\u015f\u0259t tullant\u0131lar\u0131n\u0131n at\u0131lmas\u0131 hallar\u0131nda, el\u0259c\u0259 d\u0259 x\u00fcsusi rejim d\u00f6vr\u00fcnd\u0259 f\u0259aliyy\u0259t g\u00f6st\u0259r\u0259n t\u0259\u015fkilatlarda xidm\u0259ti v\u0259zif\u0259l\u0259rini icra etm\u0259k m\u0259qs\u0259dil\u0259 m\u00fcmk\u00fcnd\u00fcr.<\/p>\n<p>\u0130nsanlar\u0131n bir-biri il\u0259 \u00fcnsiyy\u0259tini minimuma endirm\u0259k v\u0259 bununla da infeksiyaya yoluxman\u0131n s\u00fcr\u0259tinin azald\u0131lmas\u0131 m\u0259qs\u0259dil\u0259 bir s\u0131ra i\u015f v\u0259 xidm\u0259t sah\u0259l\u0259ri \u00fczr\u0259 f\u0259aliyy\u0259t elan olunan m\u00fcdd\u0259td\u0259 qada\u011fan edilib.<\/p>\n<p><iframe loading=\"lazy\" allowfullscreen=\"\" frameborder=\"0\" height=\"360\" mozallowfullscreen=\"\" msallowfullscreen=\"\" oallowfullscreen=\"\" src=\"https:\/\/www.trend.az\/player.php?f= https:\/\/cdn.trend.az\/2020\/04\/01\/video_meleyke_esedova_010420.mp4\" webkitallowfullscreen=\"\" width=\"100%\"><\/iframe><\/p>\n<\/p><\/div>\n","protected":false},"excerpt":{"rendered":"<p>[ad_1] Bak\u0131. Samir \u018fli &#8211; Trend: \u00d6z\u00fcn\u00fcz\u00fc v\u0259 xalq\u0131m\u0131z\u0131 qorumaq \u00fc\u00e7\u00fcn bu g\u00fcnl\u0259rd\u0259 evd\u0259 qal\u0131n. Bunu Trend-\u0259 a\u00e7\u0131qlamas\u0131nda Xalq artisti&hellip;<\/p>\n","protected":false},"author":1,"featured_media":19014,"comment_status":"closed","ping_status":"closed","sticky":false,"template":"","format":"standard","meta":{"om_disable_all_campaigns":false,"_monsterinsights_skip_tracking":false,"_uf_show_specific_survey":0,"_uf_disable_surveys":false,"footnotes":""},"categories":[5],"tags":[],"aioseo_notices":[],"_links":{"self":[{"href":"https:\/\/hakimiyyet.info.az\/index.php?rest_route=\/wp\/v2\/posts\/19013"}],"collection":[{"href":"https:\/\/hakimiyyet.info.az\/index.php?rest_route=\/wp\/v2\/posts"}],"about":[{"href":"https:\/\/hakimiyyet.info.az\/index.php?rest_route=\/wp\/v2\/types\/post"}],"author":[{"embeddable":true,"href":"https:\/\/hakimiyyet.info.az\/index.php?rest_route=\/wp\/v2\/users\/1"}],"replies":[{"embeddable":true,"href":"https:\/\/hakimiyyet.info.az\/index.php?rest_route=%2Fwp%2Fv2%2Fcomments&post=19013"}],"version-history":[{"count":0,"href":"https:\/\/hakimiyyet.info.az\/index.php?rest_route=\/wp\/v2\/posts\/19013\/revisions"}],"wp:featuredmedia":[{"embeddable":true,"href":"https:\/\/hakimiyyet.info.az\/index.php?rest_route=\/wp\/v2\/media\/19014"}],"wp:attachment":[{"href":"https:\/\/hakimiyyet.info.az\/index.php?rest_route=%2Fwp%2Fv2%2Fmedia&parent=19013"}],"wp:term":[{"taxonomy":"category","embeddable":true,"href":"https:\/\/hakimiyyet.info.az\/index.php?rest_route=%2Fwp%2Fv2%2Fcategories&post=19013"},{"taxonomy":"post_tag","embeddable":true,"href":"https:\/\/hakimiyyet.info.az\/index.php?rest_route=%2Fwp%2Fv2%2Ftags&post=19013"}],"curies":[{"name":"wp","href":"https:\/\/api.w.org\/{rel}","templated":true}]}}