{"id":200461,"date":"2026-08-25T13:03:04","date_gmt":"2026-08-25T09:03:04","guid":{"rendered":"https:\/\/hakimiyyet.info.az\/?p=200461"},"modified":"2026-08-25T13:03:06","modified_gmt":"2026-08-25T09:03:06","slug":"turkiy%c9%99d%c9%99-qazintilar-zamani-11-min-illik-unikal-heyk%c9%99l-tapilib","status":"publish","type":"post","link":"https:\/\/hakimiyyet.info.az\/?p=200461","title":{"rendered":"T\u00fcrkiy\u0259d\u0259 qaz\u0131nt\u0131lar zaman\u0131 11 min illik unikal heyk\u0259l tap\u0131l\u0131b\u00a0"},"content":{"rendered":"\n<p class=\"has-medium-font-size\"><strong><em>T\u00fcrkiy\u0259nin \u015eanl\u0131urfa vilay\u0259tind\u0259 yerl\u0259\u015f\u0259n Karahant\u0259p\u0259 arxeoloji qoru\u011funda apar\u0131lan qaz\u0131nt\u0131lar zaman\u0131 t\u0259xmin\u0259n 11 min il \u0259vv\u0259l\u0259 aid unikal kompozit heyk\u0259l a\u015fkar edilib.<\/em><\/strong><\/p>\n\n\n\n<p><a href=\"https:\/\/hakimiyyet.info.az\/\" title=\"Hakimiyyet.info.az\">Hakimiyyet.info.az<\/a>-\u0131n m\u0259lumat\u0131na g\u00f6r\u0259, 70 santimetr h\u00fcnd\u00fcrl\u00fcy\u00fcnd\u0259 olan bu nadir s\u0259n\u0259t \u0259s\u0259ri b\u0259birin belind\u0259 oturan insan\u0131 t\u0259svir edir. Heyk\u0259l diametri 3 metr olan, d\u00f6\u015f\u0259m\u0259si yast\u0131 da\u015flarla \u00f6rt\u00fclm\u00fc\u015f tikilid\u0259 tap\u0131l\u0131b. O, divar boyunca uzanan platforman\u0131n \u00fcz\u0259rind\u0259, t\u0259xmin\u0259n 11 min il \u0259vv\u0259l qoyuldu\u011fu ilkin yerind\u0259 qorunub saxlan\u0131l\u0131b.<\/p>\n\n\n\n<p>T\u00fcrkiy\u0259nin m\u0259d\u0259niyy\u0259t v\u0259 turizm naziri Mehmet Nuri Ersoy bildirib ki, bu k\u0259\u015ff insanl\u0131q tarixinin erk\u0259n d\u00f6vrl\u0259ri il\u0259 ba\u011fl\u0131 yeni suallar do\u011furacaq v\u0259 elm d\u00fcnyas\u0131nda geni\u015f \u0259ks-s\u0259da yaradacaq.<\/p>\n\n\n\n<p>Qeyd ed\u0259k ki, tarixi tap\u0131nt\u0131 T\u00fcrkiy\u0259d\u0259 h\u0259yata ke\u00e7iril\u0259n \u201cG\u0259l\u0259c\u0259y\u0259 Miras\u201d layih\u0259si \u00e7\u0259r\u00e7iv\u0259sind\u0259 \u00fcz\u0259 \u00e7\u0131xar\u0131l\u0131b.<\/p>\n","protected":false},"excerpt":{"rendered":"<p>T\u00fcrkiy\u0259nin \u015eanl\u0131urfa vilay\u0259tind\u0259 yerl\u0259\u015f\u0259n Karahant\u0259p\u0259 arxeoloji qoru\u011funda apar\u0131lan qaz\u0131nt\u0131lar zaman\u0131 t\u0259xmin\u0259n 11 min il \u0259vv\u0259l\u0259 aid unikal kompozit heyk\u0259l a\u015fkar&hellip;<\/p>\n","protected":false},"author":2,"featured_media":200462,"comment_status":"closed","ping_status":"closed","sticky":false,"template":"","format":"standard","meta":{"om_disable_all_campaigns":false,"_monsterinsights_skip_tracking":false,"_uf_show_specific_survey":0,"_uf_disable_surveys":false,"footnotes":""},"categories":[23,9,12,5],"tags":[],"aioseo_notices":[],"_links":{"self":[{"href":"https:\/\/hakimiyyet.info.az\/index.php?rest_route=\/wp\/v2\/posts\/200461"}],"collection":[{"href":"https:\/\/hakimiyyet.info.az\/index.php?rest_route=\/wp\/v2\/posts"}],"about":[{"href":"https:\/\/hakimiyyet.info.az\/index.php?rest_route=\/wp\/v2\/types\/post"}],"author":[{"embeddable":true,"href":"https:\/\/hakimiyyet.info.az\/index.php?rest_route=\/wp\/v2\/users\/2"}],"replies":[{"embeddable":true,"href":"https:\/\/hakimiyyet.info.az\/index.php?rest_route=%2Fwp%2Fv2%2Fcomments&post=200461"}],"version-history":[{"count":1,"href":"https:\/\/hakimiyyet.info.az\/index.php?rest_route=\/wp\/v2\/posts\/200461\/revisions"}],"predecessor-version":[{"id":200463,"href":"https:\/\/hakimiyyet.info.az\/index.php?rest_route=\/wp\/v2\/posts\/200461\/revisions\/200463"}],"wp:featuredmedia":[{"embeddable":true,"href":"https:\/\/hakimiyyet.info.az\/index.php?rest_route=\/wp\/v2\/media\/200462"}],"wp:attachment":[{"href":"https:\/\/hakimiyyet.info.az\/index.php?rest_route=%2Fwp%2Fv2%2Fmedia&parent=200461"}],"wp:term":[{"taxonomy":"category","embeddable":true,"href":"https:\/\/hakimiyyet.info.az\/index.php?rest_route=%2Fwp%2Fv2%2Fcategories&post=200461"},{"taxonomy":"post_tag","embeddable":true,"href":"https:\/\/hakimiyyet.info.az\/index.php?rest_route=%2Fwp%2Fv2%2Ftags&post=200461"}],"curies":[{"name":"wp","href":"https:\/\/api.w.org\/{rel}","templated":true}]}}