{"id":200615,"date":"2026-08-25T18:18:01","date_gmt":"2026-08-25T14:18:01","guid":{"rendered":"https:\/\/hakimiyyet.info.az\/?p=200615"},"modified":"2026-08-25T18:18:02","modified_gmt":"2026-08-25T14:18:02","slug":"azerbaycan-respublikasi-prezidenti-administrasiyasinin-vetendas-qebulu-merkezinde-2026-ci-ilin-sentyabr-ayinda-v%c9%99t%c9%99ndaslarin-q%c9%99bulu-cedveli","status":"publish","type":"post","link":"https:\/\/hakimiyyet.info.az\/?p=200615","title":{"rendered":"AZ\u018fRBAYCAN RESPUBL\u0130KASI PREZ\u0130DENT\u0130 ADM\u0130N\u0130STRAS\u0130YASININ V\u018fT\u018fNDA\u015e Q\u018fBULU M\u018fRK\u018fZ\u0130ND\u018f 2026-c\u0131 ilin sentyabr ay\u0131nda v\u0259t\u0259nda\u015flar\u0131n q\u0259bulu C\u018fDV\u018fL\u0130"},"content":{"rendered":"\n<figure class=\"wp-block-table\"><table><tbody><tr><td><strong><em>Q\u0259bulu aparan \u015f\u0259xs<\/em><\/strong><\/td><td><strong><em>Q\u0259bul g\u00fcn\u00fc<\/em><\/strong><\/td><\/tr><tr><td><strong>Az\u0259rbaycan Respublikas\u0131 Prezidentinin k\u00f6m\u0259k\u00e7isi \u2013Az\u0259rbaycan Respublikas\u0131 Prezidenti Administrasiyas\u0131n\u0131n\u00a0\u018frazi-t\u0259\u015fkilat m\u0259s\u0259l\u0259l\u0259ri \u015f\u00f6b\u0259sinin m\u00fcdiri<\/strong><br>Na\u011fd\u0259liyev Zeynal S\u0259f\u0259r o\u011flu\u00a0<\/td><td><strong>1<\/strong><\/td><\/tr><tr><td><strong>Az\u0259rbaycan Respublikas\u0131 Prezidentinin k\u00f6m\u0259k\u00e7isi \u2013\u00a0Az\u0259rbaycan Respublikas\u0131 Prezidenti Administrasiyas\u0131n\u0131n\u00a0H\u00fcquq m\u00fchafiz\u0259 orqanlar\u0131 il\u0259 i\u015f \u015f\u00f6b\u0259sinin m\u00fcdiri<\/strong><br>\u018fl\u0259sg\u0259rov Fuad\u00a0 Murtuz o\u011flu<\/td><td><strong>2, 16<\/strong><\/td><\/tr><tr><td><strong>Az\u0259rbaycan Respublikas\u0131 Prezidenti Administrasiyas\u0131n\u0131n\u00a0H\u0259rbi m\u0259s\u0259l\u0259l\u0259r \u015f\u00f6b\u0259sinin m\u00fcdiri<\/strong><br>Seyidov F\u0259rid Mirmufid o\u011flu\u00a0\u00a0\u00a0\u00a0\u00a0\u00a0\u00a0\u00a0\u00a0\u00a0\u00a0\u00a0\u00a0\u00a0\u00a0\u00a0\u00a0\u00a0\u00a0\u00a0\u00a0\u00a0\u00a0\u00a0\u00a0\u00a0\u00a0\u00a0\u00a0\u00a0\u00a0<\/td><td><strong>3<\/strong><\/td><\/tr><tr><td><strong>Az\u0259rbaycan Respublikas\u0131 Birinci vitse-prezidentinin Katibliyinin r\u0259isi<\/strong><br>H\u0259s\u0259nov Altay Tofiq o\u011flu\u00a0<\/td><td><strong>4, 11, 25<\/strong><\/td><\/tr><tr><td><strong>Az\u0259rbaycan Respublikas\u0131 Prezidenti Administrasiyas\u0131n\u0131n\u00a0V\u0259t\u0259nda\u015flar\u0131n m\u00fcraci\u0259tl\u0259ri il\u0259 i\u015f \u015f\u00f6b\u0259sinin m\u00fcdiri<\/strong><br>\u0130smay\u0131lov S\u00fcleyman Abbas o\u011flu<\/td><td><strong>4<\/strong><\/td><\/tr><tr><td><strong>Az\u0259rbaycan Respublikas\u0131 Prezidentinin k\u00f6m\u0259k\u00e7isi \u2013Az\u0259rbaycan Respublikas\u0131 Prezidenti Administrasiyas\u0131n\u0131n\u00a0\u0130qtisadi siyas\u0259t v\u0259 s\u0259naye m\u0259s\u0259l\u0259l\u0259ri \u015f\u00f6b\u0259sinin m\u00fcdiri<\/strong><br>\u018fmirov Natiq \u018frziman o\u011flu<\/td><td><strong>7<\/strong><\/td><\/tr><tr><td><strong>Az\u0259rbaycan Respublikas\u0131 Prezidenti Administrasiyas\u0131n\u0131n\u00a0Humanitar siyas\u0259t, diaspor, multikulturalizm v\u0259 dini m\u0259s\u0259l\u0259l\u0259r \u015f\u00f6b\u0259sinin m\u00fcdiri<\/strong><br>\u018fliyeva F\u0259r\u0259h \u015eirm\u0259mm\u0259d q\u0131z\u0131<\/td><td><strong>8<\/strong><\/td><\/tr><tr><td><strong>Az\u0259rbaycan Respublikas\u0131 Prezidentinin k\u00f6m\u0259k\u00e7isi \u2013Az\u0259rbaycan Respublikas\u0131 Prezidenti Administrasiyas\u0131n\u0131n\u00a0D\u00f6vl\u0259t n\u0259zar\u0259ti m\u0259s\u0259l\u0259l\u0259ri \u015f\u00f6b\u0259sinin m\u00fcdiri<\/strong><br>H\u0259s\u0259nov K\u0259r\u0259m \u018fv\u0259z o\u011flu<\/td><td><strong>9<\/strong><\/td><\/tr><tr><td><strong>Az\u0259rbaycan Respublikas\u0131 Prezidentinin k\u00f6m\u0259k\u00e7isi \u2013<\/strong><strong>Az\u0259rbaycan Respublikas\u0131 Prezidenti Administrasiyas\u0131n\u0131n&nbsp;<\/strong><strong>\u0130qtisadi m\u0259s\u0259l\u0259l\u0259r v\u0259 innovativ inki\u015faf siyas\u0259ti \u015f\u00f6b\u0259sinin m\u00fcdiri&nbsp; &nbsp; &nbsp; &nbsp; &nbsp;&nbsp;<\/strong>M\u00f6vs\u00fcmov \u015eahmar Arif o\u011flu<\/td><td><strong>10<\/strong><\/td><\/tr><tr><td><strong>Az\u0259rbaycan Respublikas\u0131 Prezidentinin k\u00f6m\u0259k\u00e7isi \u2013\u00a0Az\u0259rbaycan Respublikas\u0131 Prezidenti Administrasiyas\u0131n\u0131n\u00a0Xarici siyas\u0259t m\u0259s\u0259l\u0259l\u0259ri \u015f\u00f6b\u0259sinin m\u00fcdiri<\/strong><br>Hac\u0131yev Hikm\u0259t F\u0259rhad o\u011flu<\/td><td><strong>11<\/strong><\/td><\/tr><tr><td><strong>Az\u0259rbaycan Respublikas\u0131 Prezidenti Administrasiyas\u0131n\u0131n\u00a0G\u0259ncl\u0259r siyas\u0259ti v\u0259 idman m\u0259s\u0259l\u0259l\u0259ri \u015f\u00f6b\u0259sinin m\u00fcdiri<\/strong><br>M\u0259mm\u0259d\u0259liyev\u00a0 Yusuf\u00a0 \u00dclf\u0259t o\u011flu<\/td><td><strong>14<\/strong><\/td><\/tr><tr><td><strong>Az\u0259rbaycan Respublikas\u0131 Prezidentinin M\u0259tbuat katibi<\/strong><br>S\u0259ttarov Orxan R\u0259c\u0259b o\u011flu<\/td><td><strong>15<\/strong><\/td><\/tr><tr><td><strong>Az\u0259rbaycan Respublikas\u0131 Prezidenti Administrasiyas\u0131n\u0131n&nbsp;<\/strong><strong>Qeyri-h\u00f6kum\u0259t t\u0259\u015fkilatlar\u0131 il\u0259 i\u015f v\u0259 kommunikasiya \u015f\u00f6b\u0259si<\/strong><\/td><td><strong>15<\/strong><\/td><\/tr><tr><td><strong>Az\u0259rbaycan Respublikas\u0131 Prezidenti Administrasiyas\u0131n\u0131n&nbsp;<\/strong><strong>H\u00fcquq m\u00fchafiz\u0259 orqanlar\u0131 il\u0259 i\u015f \u015f\u00f6b\u0259sinin \u018ffv m\u0259s\u0259l\u0259l\u0259ri sektoru<\/strong><\/td><td><strong>15<\/strong><\/td><\/tr><tr><td><strong>Az\u0259rbaycan Respublikas\u0131 Prezidenti Administrasiyas\u0131n\u0131n\u00a0D\u00f6vl\u0259t qullu\u011fu v\u0259 kadr m\u0259s\u0259l\u0259l\u0259ri \u015f\u00f6b\u0259sinin m\u00fcdiri<\/strong><br>M\u0259cidov T\u0259l\u0259t Tahir o\u011flu<\/td><td><strong>17<\/strong><\/td><\/tr><tr><td><strong>Az\u0259rbaycan Respublikas\u0131 Prezidenti Administrasiyas\u0131n\u0131n\u00a0Siyasi partiyalar v\u0259 qanunvericilik hakimiyy\u0259ti il\u0259 \u0259laq\u0259l\u0259r \u015f\u00f6b\u0259sinin m\u00fcdiri<\/strong><br>V\u0259liyev \u018fdal\u0259t M\u0259qs\u0259d o\u011flu<\/td><td><strong>18<\/strong><\/td><\/tr><tr><td><strong>A\u011fdam, F\u00fczuli v\u0259 Xocav\u0259nd rayonlar\u0131nda Az\u0259rbaycan Respublikas\u0131 Prezidentinin\u00a0x\u00fcsusi n\u00fcmay\u0259nd\u0259si<\/strong><br>H\u00fcseynov Emin Zamin o\u011flu<\/td><td><strong>21<\/strong><\/td><\/tr><tr><td><strong>La\u00e7\u0131n rayonunda Az\u0259rbaycan Respublikas\u0131 Prezidentinin x\u00fcsusi n\u00fcmay\u0259nd\u0259si<\/strong><br>M\u0259mm\u0259dov M\u0259sim \u018fhm\u0259d o\u011flu<\/td><td><strong>22<\/strong><\/td><\/tr><tr><td><strong>\u015eu\u015fa rayonunda Az\u0259rbaycan Respublikas\u0131 Prezidentinin x\u00fcsusi n\u00fcmay\u0259nd\u0259si<\/strong><br>K\u0259rimov Ayd\u0131n Z\u00f6hrab o\u011flu<\/td><td><strong>22<\/strong><\/td><\/tr><tr><td><strong>K\u0259lb\u0259c\u0259r rayonunda Az\u0259rbaycan Respublikas\u0131 Prezidentinin x\u00fcsusi n\u00fcmay\u0259nd\u0259si<\/strong><br>Hac\u0131yev B\u0259\u015fir Q\u00fcdr\u0259t o\u011flu<\/td><td><strong>23<\/strong><\/td><\/tr><tr><td><strong>Xank\u0259ndi \u015f\u0259h\u0259rind\u0259, A\u011fd\u0259r\u0259 v\u0259 Xocal\u0131 rayonlar\u0131nda Az\u0259rbaycan Respublikas\u0131 Prezidentinin x\u00fcsusi n\u00fcmay\u0259nd\u0259si<\/strong><br>Yusubov El\u00e7in Mustafa o\u011flu<\/td><td><strong>24<\/strong><\/td><\/tr><tr><td><strong>Az\u0259rbaycan Respublikas\u0131 Prezidenti Administrasiyas\u0131n\u0131n\u00a0Qanunvericilik v\u0259 h\u00fcquq siyas\u0259ti \u015f\u00f6b\u0259sinin m\u00fcdir<\/strong>i<br>K\u0259rimov G\u00fcnd\u00fcz\u00a0Hac\u0131 o\u011flu<\/td><td><strong>25<\/strong><\/td><\/tr><tr><td><strong>C\u0259bray\u0131l, Qubadl\u0131 v\u0259 Z\u0259ngilan rayonlar\u0131nda Az\u0259rbaycan Respublikas\u0131 Prezidentinin x\u00fcsusi n\u00fcmay\u0259nd\u0259si<\/strong><br>Hac\u0131yev Vahid Rasim o\u011flu<\/td><td><strong>25<\/strong><\/td><\/tr><tr><td colspan=\"2\"><strong>* * *<\/strong><\/td><\/tr><tr><td><strong>Az\u0259rbaycan Respublikas\u0131n\u0131n T\u0259hl\u00fck\u0259sizlik \u015euras\u0131Az\u0259rbaycan Respublikas\u0131 T\u0259hl\u00fck\u0259sizlik \u015euras\u0131n\u0131n katibi<\/strong><br>Usubov Ramil \u0130dris o\u011flu<\/td><td><strong>28<\/strong><\/td><\/tr><\/tbody><\/table><\/figure>\n\n\n\n<p>Qeyd: V\u0259t\u0259nda\u015flar Az\u0259rbaycan Respublikas\u0131 Prezidenti<\/p>\n\n\n\n<p>Administrasiyas\u0131n\u0131n V\u0259t\u0259nda\u015f Q\u0259bulu M\u0259rk\u0259zind\u0259 q\u0259bul olunurlar.<\/p>\n\n\n\n<p>\u00dcnvan: Bak\u0131 \u015f\u0259h\u0259ri, N\u0259rimanov rayonu, Zaur Nudir\u0259liyev,79.<\/p>\n\n\n\n<p>Q\u0259bula yaz\u0131l\u0131\u015f q\u0259bul g\u00fcn\u00fcn\u0259 \u0259n geci 1 i\u015f g\u00fcn\u00fc qalm\u0131\u015f dayand\u0131r\u0131l\u0131r.<\/p>\n\n\n\n<p>Q\u0259bul saat 14:00-dan ba\u015flay\u0131r.<\/p>\n\n\n\n<p>\u018flaq\u0259 \u00fc\u00e7\u00fcn: \u00c7a\u011fr\u0131 M\u0259rk\u0259zi \u2013 1111.<\/p>\n","protected":false},"excerpt":{"rendered":"<p>Q\u0259bulu aparan \u015f\u0259xs Q\u0259bul g\u00fcn\u00fc Az\u0259rbaycan Respublikas\u0131 Prezidentinin k\u00f6m\u0259k\u00e7isi \u2013Az\u0259rbaycan Respublikas\u0131 Prezidenti Administrasiyas\u0131n\u0131n\u00a0\u018frazi-t\u0259\u015fkilat m\u0259s\u0259l\u0259l\u0259ri \u015f\u00f6b\u0259sinin m\u00fcdiriNa\u011fd\u0259liyev Zeynal S\u0259f\u0259r o\u011flu\u00a0 1&hellip;<\/p>\n","protected":false},"author":2,"featured_media":200616,"comment_status":"closed","ping_status":"closed","sticky":false,"template":"","format":"standard","meta":{"om_disable_all_campaigns":false,"_monsterinsights_skip_tracking":false,"_uf_show_specific_survey":0,"_uf_disable_surveys":false,"footnotes":""},"categories":[23,47,2,5],"tags":[],"aioseo_notices":[],"_links":{"self":[{"href":"https:\/\/hakimiyyet.info.az\/index.php?rest_route=\/wp\/v2\/posts\/200615"}],"collection":[{"href":"https:\/\/hakimiyyet.info.az\/index.php?rest_route=\/wp\/v2\/posts"}],"about":[{"href":"https:\/\/hakimiyyet.info.az\/index.php?rest_route=\/wp\/v2\/types\/post"}],"author":[{"embeddable":true,"href":"https:\/\/hakimiyyet.info.az\/index.php?rest_route=\/wp\/v2\/users\/2"}],"replies":[{"embeddable":true,"href":"https:\/\/hakimiyyet.info.az\/index.php?rest_route=%2Fwp%2Fv2%2Fcomments&post=200615"}],"version-history":[{"count":1,"href":"https:\/\/hakimiyyet.info.az\/index.php?rest_route=\/wp\/v2\/posts\/200615\/revisions"}],"predecessor-version":[{"id":200617,"href":"https:\/\/hakimiyyet.info.az\/index.php?rest_route=\/wp\/v2\/posts\/200615\/revisions\/200617"}],"wp:featuredmedia":[{"embeddable":true,"href":"https:\/\/hakimiyyet.info.az\/index.php?rest_route=\/wp\/v2\/media\/200616"}],"wp:attachment":[{"href":"https:\/\/hakimiyyet.info.az\/index.php?rest_route=%2Fwp%2Fv2%2Fmedia&parent=200615"}],"wp:term":[{"taxonomy":"category","embeddable":true,"href":"https:\/\/hakimiyyet.info.az\/index.php?rest_route=%2Fwp%2Fv2%2Fcategories&post=200615"},{"taxonomy":"post_tag","embeddable":true,"href":"https:\/\/hakimiyyet.info.az\/index.php?rest_route=%2Fwp%2Fv2%2Ftags&post=200615"}],"curies":[{"name":"wp","href":"https:\/\/api.w.org\/{rel}","templated":true}]}}