{"id":200618,"date":"2026-08-25T18:27:19","date_gmt":"2026-08-25T14:27:19","guid":{"rendered":"https:\/\/hakimiyyet.info.az\/?p=200618"},"modified":"2026-08-25T18:27:21","modified_gmt":"2026-08-25T14:27:21","slug":"meksika-m%c9%99tbuati-az%c9%99rbaycan-prezidentinin-ozb%c9%99kistana-s%c9%99f%c9%99rini-isiqlandirib","status":"publish","type":"post","link":"https:\/\/hakimiyyet.info.az\/?p=200618","title":{"rendered":"Meksika m\u0259tbuat\u0131 Az\u0259rbaycan Prezidentinin \u00d6zb\u0259kistana s\u0259f\u0259rini i\u015f\u0131qland\u0131r\u0131b"},"content":{"rendered":"\n<p class=\"has-medium-font-size\"><em><strong>Az\u0259rbaycan Prezidenti \u0130lham \u018fliyevin \u00d6zb\u0259kistana d\u00f6vl\u0259t s\u0259f\u0259ri beyn\u0259lxalq median\u0131n diqq\u0259tind\u0259 olub. Meksika m\u0259tbuat\u0131nda Az\u0259rbaycan Prezidentinin \u00d6zb\u0259kistana d\u00f6vl\u0259t s\u0259f\u0259ri il\u0259 ba\u011fl\u0131 m\u0259qal\u0259 yay\u0131mlan\u0131b.<\/strong><\/em><\/p>\n\n\n\n<p><a href=\"https:\/\/hakimiyyet.info.az\/\" title=\"Hakimiyyet.info.az\">Hakimiyyet.info.az<\/a>\u00a0x\u0259b\u0259r verir ki, Meksikan\u0131n Federicolamont.com portal\u0131nda d\u0259rc olunan \u201cAz\u0259rbaycan v\u0259 \u00d6zb\u0259kistan \u0259b\u0259di dostluq M\u00fcqavil\u0259si imzalay\u0131b v\u0259 M\u0259rk\u0259zi Asiyada C6 blokunu m\u00f6hk\u0259ml\u0259ndirir\u201d adl\u0131 m\u0259qal\u0259d\u0259 s\u0259f\u0259rin vacib m\u0259qamlar\u0131 oxuculara \u00e7atd\u0131r\u0131l\u0131r. M\u0259qal\u0259 Bak\u0131 il\u0259 Da\u015fk\u0259nd aras\u0131nda \u0259ld\u0259 olunan yeni raz\u0131la\u015fmalar\u0131n yaln\u0131z regional deyil, daha geni\u015f beyn\u0259lxalq kontekstd\u0259 d\u0259 maraq do\u011furdu\u011funu g\u00f6st\u0259rir.<\/p>\n\n\n\n<p>Bildirilir ki, \u201c\u018fb\u0259di dostluq haqq\u0131nda M\u00fcqavil\u0259\u201d Az\u0259rbaycan-\u00d6zb\u0259kistan m\u00fcnasib\u0259tl\u0259rinin yeni m\u0259rh\u0259l\u0259sinin siyasi-h\u00fcquqi \u0259sas\u0131n\u0131 formala\u015fd\u0131r\u0131r. Bak\u0131-Da\u015fk\u0259nd \u0259m\u0259kda\u015fl\u0131\u011f\u0131n\u0131n d\u0259rinl\u0259\u015fm\u0259si Az\u0259rbaycan\u0131n M\u0259rk\u0259zi Asiya il\u0259 Avropa aras\u0131nda n\u0259qliyyat v\u0259 iqtisadi k\u00f6rp\u00fc rolunu, eyni zamanda, Orta D\u0259hlizin strateji \u0259h\u0259miyy\u0259tini daha da g\u00fccl\u0259ndir\u0259 bil\u0259r. Bildirilir ki, sazi\u015f iki \u00f6lk\u0259 aras\u0131nda strateji t\u0259r\u0259fda\u015fl\u0131q v\u0259 m\u00fctt\u0259fiqlik m\u00fcnasib\u0259tl\u0259rini daha y\u00fcks\u0259k siyasi s\u0259viyy\u0259y\u0259 \u00e7\u0131xar\u0131r v\u0259 M\u0259rk\u0259zi Asiya il\u0259 C\u0259nubi Qafqaz aras\u0131nda \u0259laq\u0259l\u0259rin g\u00fccl\u0259ndirilm\u0259si bax\u0131m\u0131ndan m\u00fch\u00fcm \u0259h\u0259miyy\u0259t da\u015f\u0131y\u0131r.<\/p>\n\n\n\n<p>M\u0259qal\u0259d\u0259 Da\u015fk\u0259ndd\u0259 ke\u00e7iril\u0259n g\u00f6r\u00fc\u015fl\u0259r zaman\u0131 Prezident \u0130lham \u018fliyevin v\u0259 \u00d6zb\u0259kistan Prezidenti \u015eavkat Mirziyoyevin iki \u00f6lk\u0259nin \u0259m\u0259kda\u015fl\u0131\u011f\u0131n\u0131n geni\u015fl\u0259ndirilm\u0259si m\u0259s\u0259l\u0259l\u0259rini m\u00fczakir\u0259 etdikl\u0259ri qeyd olunur. Vur\u011fulan\u0131r ki, s\u0259f\u0259r \u00e7\u0259r\u00e7iv\u0259sind\u0259 Ali D\u00f6vl\u0259tl\u0259raras\u0131 \u015euran\u0131n \u00fc\u00e7\u00fcnc\u00fc iclas\u0131 da ke\u00e7irilib. T\u0259r\u0259fl\u0259r ticar\u0259t d\u00f6vriyy\u0259sinin 2030-cu il\u0259d\u0259k 1 milyard dollara \u00e7atd\u0131r\u0131lmas\u0131 m\u0259qs\u0259dini m\u00fc\u0259yy\u0259nl\u0259\u015fdiribl\u0259r.<\/p>\n\n\n\n<p>\u201c\u018fb\u0259di dostluq haqq\u0131nda M\u00fcqavil\u0259\u201d yaln\u0131z siyasi m\u00fcnasib\u0259tl\u0259ri deyil, h\u0259m d\u0259 enerji, n\u0259qliyyat, logistika, investisiya, r\u0259q\u0259msal inki\u015faf, k\u0259nd t\u0259s\u0259rr\u00fcfat\u0131, turizm v\u0259 dig\u0259r sah\u0259l\u0259rd\u0259 \u0259m\u0259kda\u015fl\u0131\u011f\u0131n geni\u015fl\u0259ndirilm\u0259sini n\u0259z\u0259rd\u0259 tutur. Sazi\u015f iki \u00f6lk\u0259nin \u0259razil\u0259rind\u0259n dig\u0259r d\u00f6vl\u0259tl\u0259rin t\u0259r\u0259fl\u0259rin suverenliyin\u0259 v\u0259 t\u0259hl\u00fck\u0259sizliyin\u0259 qar\u015f\u0131 istifad\u0259 edilm\u0259m\u0259si il\u0259 ba\u011fl\u0131 \u00f6hd\u0259likl\u0259ri d\u0259 ehtiva edir.<\/p>\n\n\n\n<p>Bu \u0259m\u0259kda\u015fl\u0131\u011f\u0131n m\u00fch\u00fcm istiqam\u0259tl\u0259rind\u0259n biri Orta D\u0259hlizdir. Az\u0259rbaycan X\u0259z\u0259r d\u0259nizi \u00fcz\u0259rind\u0259n M\u0259rk\u0259zi Asiyan\u0131 C\u0259nubi Qafqaz, T\u00fcrkiy\u0259 v\u0259 Avropa il\u0259 birl\u0259\u015fdir\u0259n \u0259sas tranzit m\u0259rk\u0259zl\u0259rind\u0259n biri kimi \u00e7\u0131x\u0131\u015f edir. \u00d6zb\u0259kistanla daha s\u0131x \u0259m\u0259kda\u015fl\u0131q is\u0259 M\u0259rk\u0259zi Asiyan\u0131n d\u00fcnya bazarlar\u0131na \u00e7\u0131x\u0131\u015f imkanlar\u0131n\u0131 geni\u015fl\u0259ndir\u0259 bil\u0259r\u201d, &#8211; dey\u0259 m\u0259qal\u0259d\u0259 bildirilir.<\/p>\n","protected":false},"excerpt":{"rendered":"<p>Az\u0259rbaycan Prezidenti \u0130lham \u018fliyevin \u00d6zb\u0259kistana d\u00f6vl\u0259t s\u0259f\u0259ri beyn\u0259lxalq median\u0131n diqq\u0259tind\u0259 olub. Meksika m\u0259tbuat\u0131nda Az\u0259rbaycan Prezidentinin \u00d6zb\u0259kistana d\u00f6vl\u0259t s\u0259f\u0259ri il\u0259 ba\u011fl\u0131&hellip;<\/p>\n","protected":false},"author":2,"featured_media":200619,"comment_status":"closed","ping_status":"closed","sticky":false,"template":"","format":"standard","meta":{"om_disable_all_campaigns":false,"_monsterinsights_skip_tracking":false,"_uf_show_specific_survey":0,"_uf_disable_surveys":false,"footnotes":""},"categories":[23,2,5],"tags":[],"aioseo_notices":[],"_links":{"self":[{"href":"https:\/\/hakimiyyet.info.az\/index.php?rest_route=\/wp\/v2\/posts\/200618"}],"collection":[{"href":"https:\/\/hakimiyyet.info.az\/index.php?rest_route=\/wp\/v2\/posts"}],"about":[{"href":"https:\/\/hakimiyyet.info.az\/index.php?rest_route=\/wp\/v2\/types\/post"}],"author":[{"embeddable":true,"href":"https:\/\/hakimiyyet.info.az\/index.php?rest_route=\/wp\/v2\/users\/2"}],"replies":[{"embeddable":true,"href":"https:\/\/hakimiyyet.info.az\/index.php?rest_route=%2Fwp%2Fv2%2Fcomments&post=200618"}],"version-history":[{"count":1,"href":"https:\/\/hakimiyyet.info.az\/index.php?rest_route=\/wp\/v2\/posts\/200618\/revisions"}],"predecessor-version":[{"id":200620,"href":"https:\/\/hakimiyyet.info.az\/index.php?rest_route=\/wp\/v2\/posts\/200618\/revisions\/200620"}],"wp:featuredmedia":[{"embeddable":true,"href":"https:\/\/hakimiyyet.info.az\/index.php?rest_route=\/wp\/v2\/media\/200619"}],"wp:attachment":[{"href":"https:\/\/hakimiyyet.info.az\/index.php?rest_route=%2Fwp%2Fv2%2Fmedia&parent=200618"}],"wp:term":[{"taxonomy":"category","embeddable":true,"href":"https:\/\/hakimiyyet.info.az\/index.php?rest_route=%2Fwp%2Fv2%2Fcategories&post=200618"},{"taxonomy":"post_tag","embeddable":true,"href":"https:\/\/hakimiyyet.info.az\/index.php?rest_route=%2Fwp%2Fv2%2Ftags&post=200618"}],"curies":[{"name":"wp","href":"https:\/\/api.w.org\/{rel}","templated":true}]}}