{"id":200628,"date":"2026-08-25T18:39:29","date_gmt":"2026-08-25T14:39:29","guid":{"rendered":"https:\/\/hakimiyyet.info.az\/?p=200628"},"modified":"2026-08-25T18:39:31","modified_gmt":"2026-08-25T14:39:31","slug":"v%c9%99t%c9%99ndaslarin-isgaldan-azad-edilmis-%c9%99razil%c9%99r%c9%99-qayidisla-bagli-muraci%c9%99tl%c9%99ri-dinl%c9%99nilib","status":"publish","type":"post","link":"https:\/\/hakimiyyet.info.az\/?p=200628","title":{"rendered":"V\u0259t\u0259nda\u015flar\u0131n i\u015f\u011faldan azad edilmi\u015f \u0259razil\u0259r\u0259 qay\u0131d\u0131\u015fla ba\u011fl\u0131 m\u00fcraci\u0259tl\u0259ri dinl\u0259nilib"},"content":{"rendered":"\n<p class=\"has-medium-font-size\"><strong><em>Avqustun 25-d\u0259 Qa\u00e7q\u0131nlar\u0131n v\u0259 M\u0259cburi K\u00f6\u00e7k\u00fcnl\u0259rin \u0130\u015fl\u0259ri \u00fczr\u0259 D\u00f6vl\u0259t Komit\u0259sinin s\u0259dri R\u00f6v\u015f\u0259n Rzayev v\u0259t\u0259nda\u015flarla g\u00f6r\u00fc\u015f\u00fcb.<\/em><\/strong><\/p>\n\n\n\n<p>Komit\u0259d\u0259n&nbsp;<a href=\"https:\/\/azertag.az\/\" target=\"_blank\" rel=\"noreferrer noopener\">AZ\u018fRTAC<\/a>-a veril\u0259n m\u0259lumata g\u00f6r\u0259, g\u00f6r\u00fc\u015fd\u0259 v\u0259t\u0259nda\u015flar\u0131n m\u00fcraci\u0259tl\u0259ri dinl\u0259nilib. Bildirilib ki, qald\u0131r\u0131lan m\u0259s\u0259l\u0259l\u0259r m\u00fcvafiq qaydada ara\u015fd\u0131r\u0131lacaq v\u0259 qanunvericiliy\u0259 uy\u011fun \u015f\u0259kild\u0259 h\u0259ll edil\u0259c\u0259k.<\/p>\n\n\n\n<p>G\u00f6r\u00fc\u015fd\u0259 Prezident \u0130lham \u018fliyevin ke\u00e7mi\u015f m\u0259cburi k\u00f6\u00e7k\u00fcnl\u0259rin do\u011fma yurdlar\u0131nda rahat v\u0259 t\u0259hl\u00fck\u0259siz ya\u015fay\u0131\u015f \u015f\u0259raitinin t\u0259min olunmas\u0131 m\u0259qs\u0259dil\u0259 verdiyi tap\u015f\u0131r\u0131qlar\u0131n ard\u0131c\u0131ll\u0131qla h\u0259yata ke\u00e7irildiyi, Birinci vitse-prezident Mehriban xan\u0131m \u018fliyevan\u0131n i\u015f\u011faldan azad edilmi\u015f \u0259razil\u0259rd\u0259 apar\u0131lan b\u0259rpa v\u0259 yenid\u0259nqurma i\u015fl\u0259rini diqq\u0259tl\u0259 izl\u0259diyi v\u0259 onun g\u00f6st\u0259ri\u015fl\u0259ri il\u0259 m\u00fcvafiq t\u0259dbirl\u0259rin g\u00f6r\u00fcld\u00fcy\u00fc vur\u011fulan\u0131b.<\/p>\n\n\n\n<p>Komit\u0259 s\u0259dri bildirib ki, i\u015f\u011faldan azad edilmi\u015f \u0259razil\u0259rd\u0259 b\u0259rpa i\u015fl\u0259rin\u0259 uy\u011fun olaraq, ilk n\u00f6vb\u0259d\u0259, q\u0259zal\u0131 v\u0259 a\u011f\u0131r \u015f\u0259raitd\u0259 ya\u015fayan ke\u00e7mi\u015f m\u0259cburi k\u00f6\u00e7k\u00fcnl\u0259r m\u0259rh\u0259l\u0259li \u015f\u0259kild\u0259 k\u00f6\u00e7\u00fcr\u00fcl\u00fcr. V\u0259t\u0259nda\u015flar\u0131n m\u00fcraci\u0259tl\u0259ri \u0259sas\u0259n, i\u015f\u011faldan azad edilmi\u015f \u0259razil\u0259r\u0259 qay\u0131d\u0131\u015f, k\u00f6\u00e7\u00fcr\u00fclm\u0259nin prinsipl\u0259ri, sor\u011fularda i\u015ftirak, m\u0259\u015f\u011fulluq, m\u00fcv\u0259qq\u0259ti m\u0259skunla\u015fma yerl\u0259rind\u0259 m\u0259nzil-m\u0259i\u015f\u0259t \u015f\u0259raitinin yax\u015f\u0131la\u015fd\u0131r\u0131lmas\u0131, kommunal xidm\u0259tl\u0259r, status, vahid ayl\u0131q m\u00fcavin\u0259t v\u0259 dig\u0259r sosial m\u0259s\u0259l\u0259l\u0259r\u0259 dair olub.<\/p>\n","protected":false},"excerpt":{"rendered":"<p>Avqustun 25-d\u0259 Qa\u00e7q\u0131nlar\u0131n v\u0259 M\u0259cburi K\u00f6\u00e7k\u00fcnl\u0259rin \u0130\u015fl\u0259ri \u00fczr\u0259 D\u00f6vl\u0259t Komit\u0259sinin s\u0259dri R\u00f6v\u015f\u0259n Rzayev v\u0259t\u0259nda\u015flarla g\u00f6r\u00fc\u015f\u00fcb. Komit\u0259d\u0259n&nbsp;AZ\u018fRTAC-a veril\u0259n m\u0259lumata g\u00f6r\u0259, g\u00f6r\u00fc\u015fd\u0259&hellip;<\/p>\n","protected":false},"author":2,"featured_media":200629,"comment_status":"closed","ping_status":"closed","sticky":false,"template":"","format":"standard","meta":{"om_disable_all_campaigns":false,"_monsterinsights_skip_tracking":false,"_uf_show_specific_survey":0,"_uf_disable_surveys":false,"footnotes":""},"categories":[23,47,2,5],"tags":[],"aioseo_notices":[],"_links":{"self":[{"href":"https:\/\/hakimiyyet.info.az\/index.php?rest_route=\/wp\/v2\/posts\/200628"}],"collection":[{"href":"https:\/\/hakimiyyet.info.az\/index.php?rest_route=\/wp\/v2\/posts"}],"about":[{"href":"https:\/\/hakimiyyet.info.az\/index.php?rest_route=\/wp\/v2\/types\/post"}],"author":[{"embeddable":true,"href":"https:\/\/hakimiyyet.info.az\/index.php?rest_route=\/wp\/v2\/users\/2"}],"replies":[{"embeddable":true,"href":"https:\/\/hakimiyyet.info.az\/index.php?rest_route=%2Fwp%2Fv2%2Fcomments&post=200628"}],"version-history":[{"count":1,"href":"https:\/\/hakimiyyet.info.az\/index.php?rest_route=\/wp\/v2\/posts\/200628\/revisions"}],"predecessor-version":[{"id":200630,"href":"https:\/\/hakimiyyet.info.az\/index.php?rest_route=\/wp\/v2\/posts\/200628\/revisions\/200630"}],"wp:featuredmedia":[{"embeddable":true,"href":"https:\/\/hakimiyyet.info.az\/index.php?rest_route=\/wp\/v2\/media\/200629"}],"wp:attachment":[{"href":"https:\/\/hakimiyyet.info.az\/index.php?rest_route=%2Fwp%2Fv2%2Fmedia&parent=200628"}],"wp:term":[{"taxonomy":"category","embeddable":true,"href":"https:\/\/hakimiyyet.info.az\/index.php?rest_route=%2Fwp%2Fv2%2Fcategories&post=200628"},{"taxonomy":"post_tag","embeddable":true,"href":"https:\/\/hakimiyyet.info.az\/index.php?rest_route=%2Fwp%2Fv2%2Ftags&post=200628"}],"curies":[{"name":"wp","href":"https:\/\/api.w.org\/{rel}","templated":true}]}}