{"id":200634,"date":"2026-08-25T18:45:55","date_gmt":"2026-08-25T14:45:55","guid":{"rendered":"https:\/\/hakimiyyet.info.az\/?p=200634"},"modified":"2026-08-25T18:45:56","modified_gmt":"2026-08-25T14:45:56","slug":"tramp-abs-c%c9%99nubi-koreya-birg%c9%99-h%c9%99rbi-t%c9%99liml%c9%99rinin-azaldilmasina-gost%c9%99ris-verib","status":"publish","type":"post","link":"https:\/\/hakimiyyet.info.az\/?p=200634","title":{"rendered":"Tramp AB\u015e-C\u0259nubi Koreya birg\u0259 h\u0259rbi t\u0259liml\u0259rinin azald\u0131lmas\u0131na g\u00f6st\u0259ri\u015f verib"},"content":{"rendered":"\n<p class=\"has-medium-font-size\"><strong><em>\u015eimali Koreya lideri Kim \u00c7en Inla m\u00fcnasib\u0259tl\u0259rinin yax\u015f\u0131 oldu\u011funu bildir\u0259n AB\u015e Prezidenti Donald Tramp AB\u015e-nin C\u0259nubi Koreya il\u0259 birg\u0259 h\u0259rbi t\u0259liml\u0259rd\u0259 i\u015ftirak\u0131ndan naraz\u0131l\u0131\u011f\u0131n\u0131 ifad\u0259 edib.<\/em><\/strong><\/p>\n\n\n\n<p><a href=\"https:\/\/hakimiyyet.info.az\/\" title=\"Hakimiyyet.info.az\">Hakimiyyet.info.az<\/a>\u00a0x\u0259b\u0259r verir ki, Tramp \u201cTruth\u201d sosial \u015f\u0259b\u0259k\u0259sind\u0259 payla\u015f\u0131m\u0131nda bu t\u0259liml\u0259rin h\u0259m b\u00f6y\u00fck maliyy\u0259 x\u0259rcl\u0259ri yaratd\u0131\u011f\u0131n\u0131, h\u0259m d\u0259 onun prezidentliyi d\u00f6vr\u00fcnd\u0259 AB\u015e-y\u0259 qar\u015f\u0131 t\u0259hdid v\u0259 h\u00f6rm\u0259tsiz davranmayan \u015eimali Koreyaya d\u00fc\u015fm\u0259nc\u0259sin\u0259 siqnal g\u00f6nd\u0259rdiyini qeyd edib.<\/p>\n\n\n\n<p>\u201cBuna g\u00f6r\u0259 d\u0259, t\u0259liml\u0259rin l\u0259\u011fvi \u00fc\u00e7\u00fcn art\u0131q gec oldu\u011funu n\u0259z\u0259r\u0259 alaraq, H\u0259rbi katib Pit Heqset\u0259 birg\u0259 h\u0259rbi t\u0259liml\u0259rin \u0259h\u0259miyy\u0259tli d\u0259r\u0259c\u0259d\u0259 azald\u0131lmas\u0131 bar\u0259d\u0259 g\u00f6st\u0259ri\u015f verdim\u201d, \u2013 dey\u0259 Tramp bildirib.<\/p>\n","protected":false},"excerpt":{"rendered":"<p>\u015eimali Koreya lideri Kim \u00c7en Inla m\u00fcnasib\u0259tl\u0259rinin yax\u015f\u0131 oldu\u011funu bildir\u0259n AB\u015e Prezidenti Donald Tramp AB\u015e-nin C\u0259nubi Koreya il\u0259 birg\u0259 h\u0259rbi&hellip;<\/p>\n","protected":false},"author":2,"featured_media":200635,"comment_status":"closed","ping_status":"closed","sticky":false,"template":"","format":"standard","meta":{"om_disable_all_campaigns":false,"_monsterinsights_skip_tracking":false,"_uf_show_specific_survey":0,"_uf_disable_surveys":false,"footnotes":""},"categories":[23,9,5],"tags":[],"aioseo_notices":[],"_links":{"self":[{"href":"https:\/\/hakimiyyet.info.az\/index.php?rest_route=\/wp\/v2\/posts\/200634"}],"collection":[{"href":"https:\/\/hakimiyyet.info.az\/index.php?rest_route=\/wp\/v2\/posts"}],"about":[{"href":"https:\/\/hakimiyyet.info.az\/index.php?rest_route=\/wp\/v2\/types\/post"}],"author":[{"embeddable":true,"href":"https:\/\/hakimiyyet.info.az\/index.php?rest_route=\/wp\/v2\/users\/2"}],"replies":[{"embeddable":true,"href":"https:\/\/hakimiyyet.info.az\/index.php?rest_route=%2Fwp%2Fv2%2Fcomments&post=200634"}],"version-history":[{"count":1,"href":"https:\/\/hakimiyyet.info.az\/index.php?rest_route=\/wp\/v2\/posts\/200634\/revisions"}],"predecessor-version":[{"id":200636,"href":"https:\/\/hakimiyyet.info.az\/index.php?rest_route=\/wp\/v2\/posts\/200634\/revisions\/200636"}],"wp:featuredmedia":[{"embeddable":true,"href":"https:\/\/hakimiyyet.info.az\/index.php?rest_route=\/wp\/v2\/media\/200635"}],"wp:attachment":[{"href":"https:\/\/hakimiyyet.info.az\/index.php?rest_route=%2Fwp%2Fv2%2Fmedia&parent=200634"}],"wp:term":[{"taxonomy":"category","embeddable":true,"href":"https:\/\/hakimiyyet.info.az\/index.php?rest_route=%2Fwp%2Fv2%2Fcategories&post=200634"},{"taxonomy":"post_tag","embeddable":true,"href":"https:\/\/hakimiyyet.info.az\/index.php?rest_route=%2Fwp%2Fv2%2Ftags&post=200634"}],"curies":[{"name":"wp","href":"https:\/\/api.w.org\/{rel}","templated":true}]}}