{"id":200637,"date":"2026-08-25T18:47:30","date_gmt":"2026-08-25T14:47:30","guid":{"rendered":"https:\/\/hakimiyyet.info.az\/?p=200637"},"modified":"2026-08-25T18:47:32","modified_gmt":"2026-08-25T14:47:32","slug":"maarifci-proqraminin-istirakcilari-az%c9%99rbaycanin-xarici-siyas%c9%99tinin-prioritetl%c9%99ri-bar%c9%99d%c9%99-m%c9%99lumatlandirilib","status":"publish","type":"post","link":"https:\/\/hakimiyyet.info.az\/?p=200637","title":{"rendered":"\u201cMaarif\u00e7i\u201d proqram\u0131n\u0131n i\u015ftirak\u00e7\u0131lar\u0131 Az\u0259rbaycan\u0131n xarici siyas\u0259tinin prioritetl\u0259ri bar\u0259d\u0259 m\u0259lumatland\u0131r\u0131l\u0131b"},"content":{"rendered":"\n<p class=\"has-medium-font-size\"><strong><em>Avqustun 25-d\u0259 xarici i\u015fl\u0259r nazirinin m\u00fcavini Yal\u00e7\u0131n R\u0259fiyev IV \u201cMaarif\u00e7i\u201d t\u0259l\u0259b\u0259-m\u0259zun proqram\u0131n\u0131n i\u015ftirak\u00e7\u0131lar\u0131 il\u0259 g\u00f6r\u00fc\u015f\u00fcb.<\/em><\/strong><\/p>\n\n\n\n<p>Bu bar\u0259d\u0259&nbsp;<a href=\"https:\/\/azertag.az\/\" target=\"_blank\" rel=\"noreferrer noopener\">AZ\u018fRTAC<\/a>-a Elm v\u0259 T\u0259hsil Nazirliyind\u0259n m\u0259lumat verilib. Bildirilib ki, g\u00f6r\u00fc\u015f zaman\u0131 Yal\u00e7\u0131n R\u0259fiyev Az\u0259rbaycan\u0131n xarici siyas\u0259tinin \u0259sas istiqam\u0259tl\u0259ri, onun formala\u015fmas\u0131na t\u0259sir ed\u0259n amill\u0259r v\u0259 d\u00f6vl\u0259t q\u0259rarlar\u0131n\u0131n q\u0259bul edilm\u0259si mexanizml\u0259ri bar\u0259d\u0259 dan\u0131\u015f\u0131b. Az\u0259rbaycan\u0131n beyn\u0259lxalq m\u00fcnasib\u0259tl\u0259r sistemind\u0259 m\u00f6vqeyi, beyn\u0259lxalq t\u0259r\u0259fda\u015fl\u0131qlar\u0131n\u0131n geni\u015fl\u0259ndirilm\u0259si istiqam\u0259tind\u0259 h\u0259yata ke\u00e7iril\u0259n f\u0259aliyy\u0259t v\u0259 xarici siyas\u0259tin m\u00fc\u0259yy\u0259nl\u0259\u015fdirilm\u0259sind\u0259 m\u00fch\u00fcm rol oynayan amill\u0259r diqq\u0259t\u0259 \u00e7atd\u0131r\u0131l\u0131b. M\u00fczakir\u0259l\u0259r zaman\u0131 g\u00fccl\u00fc d\u00f6vl\u0259t anlay\u0131\u015f\u0131 v\u0259 onun \u0259sas meyarlar\u0131 \u0259traf\u0131nda fikir m\u00fcbadil\u0259si apar\u0131l\u0131b. D\u00f6vl\u0259tin g\u00fcc\u00fcn\u00fc \u015f\u0259rtl\u0259ndir\u0259n iqtisadi v\u0259 h\u0259rbi potensial, bu amill\u0259rin zamanla d\u0259yi\u015fm\u0259si, el\u0259c\u0259 d\u0259 \u00f6lk\u0259nin beyn\u0259lxalq m\u00f6vqeyinin m\u00f6hk\u0259ml\u0259ndirilm\u0259sin\u0259 t\u0259sir g\u00f6st\u0259r\u0259n dig\u0259r amill\u0259r bar\u0259d\u0259 dan\u0131\u015f\u0131l\u0131b.<\/p>\n\n\n\n<p>G\u00f6r\u00fc\u015fd\u0259 i\u015ftirak\u00e7\u0131lar\u0131n Az\u0259rbaycan\u0131n xarici siyas\u0259tinin prioritetl\u0259ri, d\u00f6vl\u0259t q\u0259rarlar\u0131n\u0131n q\u0259bulu, beyn\u0259lxalq prosesl\u0259rin \u00f6lk\u0259l\u0259rin inki\u015faf\u0131na t\u0259siri v\u0259 diplomatik f\u0259aliyy\u0259tin x\u00fcsusiyy\u0259tl\u0259ri il\u0259 ba\u011fl\u0131 suallar\u0131 cavabland\u0131r\u0131l\u0131b.<\/p>\n\n\n\n<p>M\u00fczakir\u0259l\u0259rd\u0259 g\u0259ncl\u0259rin d\u00f6vl\u0259t idar\u0259\u00e7iliyind\u0259 f\u0259al i\u015ftirak\u0131n\u0131n, beyn\u0259lxalq prosesl\u0259r\u0259 dair bilikl\u0259rinin art\u0131r\u0131lmas\u0131n\u0131n, analitik d\u00fc\u015f\u00fcnc\u0259 v\u0259 pe\u015f\u0259kar bacar\u0131qlar\u0131n\u0131n inki\u015faf etdirilm\u0259sinin \u0259h\u0259miyy\u0259ti vur\u011fulan\u0131b. M\u00fcxt\u0259lif d\u00f6vl\u0259t qurumlar\u0131 aras\u0131nda \u0259m\u0259kda\u015fl\u0131\u011f\u0131n g\u0259ncl\u0259rin inki\u015faf\u0131 \u00fc\u00e7\u00fcn yaratd\u0131\u011f\u0131 imkanlar v\u0259 \u201cMaarif\u00e7i\u201d proqram\u0131n\u0131n bu istiqam\u0259td\u0259 rolu bar\u0259d\u0259 fikir m\u00fcbadil\u0259si apar\u0131l\u0131b.<\/p>\n\n\n\n<p>Qeyd ed\u0259k ki, \u201cMaarif\u00e7i\u201d t\u0259l\u0259b\u0259-m\u0259zun proqram\u0131 Elm v\u0259 T\u0259hsil Nazirliyinin t\u0259\u015f\u0259bb\u00fcs\u00fc v\u0259 T\u0259hsilin \u0130nki\u015faf\u0131 Fondunun d\u0259st\u0259yi il\u0259 2024-c\u00fc ild\u0259n h\u0259yata ke\u00e7irilir. \u0130ndiy\u0259d\u0259k proqram\u0131n 102 m\u0259zunu olub. Haz\u0131rk\u0131 IV t\u0259l\u0259b\u0259-m\u0259zun proqram\u0131nda 53 n\u0259f\u0259r Elm v\u0259 T\u0259hsil Nazirliyinin struktur b\u00f6lm\u0259l\u0259ri v\u0259 tabeli qurumlar\u0131nda, regional t\u0259hsil idar\u0259l\u0259rind\u0259, h\u0259m\u00e7inin Nax\u00e7\u0131van Muxtar Respublikas\u0131n\u0131n T\u0259hsil Nazirliyind\u0259 i\u015ftirak etm\u0259k h\u00fcququ qazan\u0131b.<\/p>\n","protected":false},"excerpt":{"rendered":"<p>Avqustun 25-d\u0259 xarici i\u015fl\u0259r nazirinin m\u00fcavini Yal\u00e7\u0131n R\u0259fiyev IV \u201cMaarif\u00e7i\u201d t\u0259l\u0259b\u0259-m\u0259zun proqram\u0131n\u0131n i\u015ftirak\u00e7\u0131lar\u0131 il\u0259 g\u00f6r\u00fc\u015f\u00fcb. Bu bar\u0259d\u0259&nbsp;AZ\u018fRTAC-a Elm v\u0259 T\u0259hsil&hellip;<\/p>\n","protected":false},"author":2,"featured_media":200638,"comment_status":"closed","ping_status":"closed","sticky":false,"template":"","format":"standard","meta":{"om_disable_all_campaigns":false,"_monsterinsights_skip_tracking":false,"_uf_show_specific_survey":0,"_uf_disable_surveys":false,"footnotes":""},"categories":[23,8,2,5],"tags":[],"aioseo_notices":[],"_links":{"self":[{"href":"https:\/\/hakimiyyet.info.az\/index.php?rest_route=\/wp\/v2\/posts\/200637"}],"collection":[{"href":"https:\/\/hakimiyyet.info.az\/index.php?rest_route=\/wp\/v2\/posts"}],"about":[{"href":"https:\/\/hakimiyyet.info.az\/index.php?rest_route=\/wp\/v2\/types\/post"}],"author":[{"embeddable":true,"href":"https:\/\/hakimiyyet.info.az\/index.php?rest_route=\/wp\/v2\/users\/2"}],"replies":[{"embeddable":true,"href":"https:\/\/hakimiyyet.info.az\/index.php?rest_route=%2Fwp%2Fv2%2Fcomments&post=200637"}],"version-history":[{"count":1,"href":"https:\/\/hakimiyyet.info.az\/index.php?rest_route=\/wp\/v2\/posts\/200637\/revisions"}],"predecessor-version":[{"id":200639,"href":"https:\/\/hakimiyyet.info.az\/index.php?rest_route=\/wp\/v2\/posts\/200637\/revisions\/200639"}],"wp:featuredmedia":[{"embeddable":true,"href":"https:\/\/hakimiyyet.info.az\/index.php?rest_route=\/wp\/v2\/media\/200638"}],"wp:attachment":[{"href":"https:\/\/hakimiyyet.info.az\/index.php?rest_route=%2Fwp%2Fv2%2Fmedia&parent=200637"}],"wp:term":[{"taxonomy":"category","embeddable":true,"href":"https:\/\/hakimiyyet.info.az\/index.php?rest_route=%2Fwp%2Fv2%2Fcategories&post=200637"},{"taxonomy":"post_tag","embeddable":true,"href":"https:\/\/hakimiyyet.info.az\/index.php?rest_route=%2Fwp%2Fv2%2Ftags&post=200637"}],"curies":[{"name":"wp","href":"https:\/\/api.w.org\/{rel}","templated":true}]}}