{"id":200679,"date":"2026-08-26T12:12:11","date_gmt":"2026-08-26T08:12:11","guid":{"rendered":"https:\/\/hakimiyyet.info.az\/?p=200679"},"modified":"2026-08-26T12:12:51","modified_gmt":"2026-08-26T08:12:51","slug":"z%c9%99rifliyin-m%c9%99rh%c9%99m%c9%99tin-v%c9%99-qudr%c9%99tin-t%c9%99c%c9%99ssumu","status":"publish","type":"post","link":"https:\/\/hakimiyyet.info.az\/?p=200679","title":{"rendered":"Z\u0259rifliyin, M\u0259rh\u0259m\u0259tin v\u0259 Q\u00fcdr\u0259tin T\u0259c\u0259ss\u00fcm\u00fc:"},"content":{"rendered":"\n<p>Birinci Xan\u0131m Mehriban \u018fliyeva<br>\u200bAz\u0259rbaycan\u0131n m\u00fcasir d\u00f6vl\u0259t\u00e7ilik tarixind\u0259 v\u0259 ictimai-siyasi h\u0259yat\u0131nda \u00f6z\u00fcn\u0259m\u0259xsus d\u0259st-x\u0259tti, d\u0259rin z\u0259kas\u0131 v\u0259 n\u0259cib \u0259m\u0259ll\u0259ri il\u0259 silinm\u0259z izl\u0259r qoyan \u015f\u0259xsiyy\u0259tl\u0259r aras\u0131nda Birinci vitse-prezident, Birinci xan\u0131m Mehriban \u018fliyevan\u0131n m\u00fcst\u0259sna yeri var. 26 Avqust \u2013 t\u0259kc\u0259 t\u0259qvimd\u0259ki bir tarix deyil, xalq\u0131m\u0131z\u0131n m\u0259h\u0259bb\u0259tini v\u0259 r\u0259\u011fb\u0259tini qazanm\u0131\u015f b\u00f6y\u00fck bir insanp\u0259rv\u0259r \u015f\u0259xsiyy\u0259tin do\u011fum g\u00fcn\u00fcd\u00fcr.<br>\u200bBir jurnalist kimi ill\u0259rdir \u015fahidi oluram ki, Mehriban xan\u0131m \u018fliyevan\u0131n f\u0259aliyy\u0259ti t\u0259kc\u0259 d\u00f6vl\u0259t idar\u0259\u00e7iliyi il\u0259 m\u0259hdudla\u015fm\u0131r; o, h\u0259m d\u0259 m\u0259n\u0259vi d\u0259y\u0259rl\u0259rin, humanist ideallar\u0131n v\u0259 xeyirxahl\u0131\u011f\u0131n bayraqdar\u0131d\u0131r. R\u0259hb\u0259rlik etdiyi Heyd\u0259r \u018fliyev Fondunun vasit\u0259sil\u0259 t\u0259hsil, s\u0259hiyy\u0259, m\u0259d\u0259niyy\u0259t v\u0259 sosial sah\u0259l\u0259rd\u0259 h\u0259yata ke\u00e7iril\u0259n n\u0259h\u0259ng layih\u0259l\u0259r minl\u0259rl\u0259 insana \u00fcmid, g\u0259l\u0259c\u0259y\u0259 inam b\u0259x\u015f edib. Az\u0259rbaycan m\u0259d\u0259niyy\u0259tinin beyn\u0259lxalq al\u0259md\u0259 t\u0259bli\u011fi, tarixi v\u0259 dini abid\u0259l\u0259rimizin b\u0259rpas\u0131 istiqam\u0259tind\u0259 g\u00f6rd\u00fcy\u00fc i\u015fl\u0259r onun milli-m\u0259n\u0259vi irsimiz\u0259 sonsuz s\u0259daq\u0259tinin t\u0259zah\u00fcr\u00fcd\u00fcr.<br>\u200bX\u00fcsusil\u0259 V\u0259t\u0259n m\u00fcharib\u0259sind\u0259n sonra i\u015f\u011faldan azad olunmu\u015f torpaqlar\u0131m\u0131zda h\u0259yata ke\u00e7iril\u0259n b\u0259rpa-quruculuq i\u015fl\u0259rind\u0259, \u015f\u0259hid ail\u0259l\u0259rin\u0259 v\u0259 qazil\u0259rimiz\u0259 g\u00f6st\u0259ril\u0259n diqq\u0259t v\u0259 qay\u011f\u0131da Mehriban xan\u0131m\u0131n ana n\u0259vazi\u015fi v\u0259 s\u0259mimi yana\u015fmas\u0131 h\u0259r birimizin q\u0259lbini q\u00fcrurla doldurur. O, m\u00fcasir Az\u0259rbaycan qad\u0131n\u0131n\u0131n intellektual g\u00fcc\u00fcn\u00fc, k\u00fcbarl\u0131\u011f\u0131n\u0131 v\u0259 humanist obraz\u0131n\u0131 b\u00fct\u00fcn d\u00fcnyaya \u0259n y\u00fcks\u0259k s\u0259viyy\u0259d\u0259 t\u0259qdim edir.<br>\u200bBu \u0259lam\u0259tdar g\u00fcnd\u0259 \u2013 26 Avqust tarixind\u0259, Birinci xan\u0131m Mehriban \u018fliyevan\u0131 do\u011fum g\u00fcn\u00fc m\u00fcnasib\u0259tl\u0259 y\u00fcyr\u0259kd\u0259n t\u0259brik edir\u0259m! D\u00f6vl\u0259timizin inki\u015faf\u0131, xalq\u0131m\u0131z\u0131n rifah\u0131 v\u0259 m\u00fcq\u0259dd\u0259s \u0259m\u0259ll\u0259rinin davaml\u0131l\u0131\u011f\u0131 namin\u0259 yorulmaz f\u0259aliyy\u0259tind\u0259 ona m\u00f6hk\u0259m cansa\u011fl\u0131\u011f\u0131, xo\u015fb\u0259xtlik, t\u00fckanmaz enerji v\u0259 yeni-yeni b\u00f6y\u00fck u\u011furlar arzulay\u0131ram.<br>\u200bQ\u0259lbimizd\u0259 qurdu\u011funuz sevgi k\u00f6rp\u00fcl\u0259ri v\u0259 insanlara b\u0259x\u015f etdiyiniz t\u0259b\u0259ss\u00fcm h\u0259r zaman uca tutulacaqd\u0131r. Do\u011fum g\u00fcn\u00fcn\u00fcz m\u00fcbar\u0259k olsun!<br>\u200bD\u0259yan\u0259t K\u0259rimli<br>Az\u0259rbaycan Jurnalistl\u0259r Birliyinin (AJB) \u00fczv\u00fc<\/p>\n","protected":false},"excerpt":{"rendered":"<p>Birinci Xan\u0131m Mehriban \u018fliyeva\u200bAz\u0259rbaycan\u0131n m\u00fcasir d\u00f6vl\u0259t\u00e7ilik tarixind\u0259 v\u0259 ictimai-siyasi h\u0259yat\u0131nda \u00f6z\u00fcn\u0259m\u0259xsus d\u0259st-x\u0259tti, d\u0259rin z\u0259kas\u0131 v\u0259 n\u0259cib \u0259m\u0259ll\u0259ri il\u0259 silinm\u0259z izl\u0259r&hellip;<\/p>\n","protected":false},"author":2,"featured_media":200682,"comment_status":"closed","ping_status":"closed","sticky":false,"template":"","format":"standard","meta":{"om_disable_all_campaigns":false,"_monsterinsights_skip_tracking":false,"_uf_show_specific_survey":0,"_uf_disable_surveys":false,"footnotes":""},"categories":[23,2,5],"tags":[],"aioseo_notices":[],"_links":{"self":[{"href":"https:\/\/hakimiyyet.info.az\/index.php?rest_route=\/wp\/v2\/posts\/200679"}],"collection":[{"href":"https:\/\/hakimiyyet.info.az\/index.php?rest_route=\/wp\/v2\/posts"}],"about":[{"href":"https:\/\/hakimiyyet.info.az\/index.php?rest_route=\/wp\/v2\/types\/post"}],"author":[{"embeddable":true,"href":"https:\/\/hakimiyyet.info.az\/index.php?rest_route=\/wp\/v2\/users\/2"}],"replies":[{"embeddable":true,"href":"https:\/\/hakimiyyet.info.az\/index.php?rest_route=%2Fwp%2Fv2%2Fcomments&post=200679"}],"version-history":[{"count":1,"href":"https:\/\/hakimiyyet.info.az\/index.php?rest_route=\/wp\/v2\/posts\/200679\/revisions"}],"predecessor-version":[{"id":200681,"href":"https:\/\/hakimiyyet.info.az\/index.php?rest_route=\/wp\/v2\/posts\/200679\/revisions\/200681"}],"wp:featuredmedia":[{"embeddable":true,"href":"https:\/\/hakimiyyet.info.az\/index.php?rest_route=\/wp\/v2\/media\/200682"}],"wp:attachment":[{"href":"https:\/\/hakimiyyet.info.az\/index.php?rest_route=%2Fwp%2Fv2%2Fmedia&parent=200679"}],"wp:term":[{"taxonomy":"category","embeddable":true,"href":"https:\/\/hakimiyyet.info.az\/index.php?rest_route=%2Fwp%2Fv2%2Fcategories&post=200679"},{"taxonomy":"post_tag","embeddable":true,"href":"https:\/\/hakimiyyet.info.az\/index.php?rest_route=%2Fwp%2Fv2%2Ftags&post=200679"}],"curies":[{"name":"wp","href":"https:\/\/api.w.org\/{rel}","templated":true}]}}