{"id":200716,"date":"2026-08-26T13:13:00","date_gmt":"2026-08-26T09:13:00","guid":{"rendered":"https:\/\/hakimiyyet.info.az\/?p=200716"},"modified":"2026-08-26T13:13:02","modified_gmt":"2026-08-26T09:13:02","slug":"bu-gun-lacin-s%c9%99h%c9%99ri-gunudur","status":"publish","type":"post","link":"https:\/\/hakimiyyet.info.az\/?p=200716","title":{"rendered":"Bu g\u00fcn La\u00e7\u0131n \u015e\u0259h\u0259ri G\u00fcn\u00fcd\u00fcr"},"content":{"rendered":"\n<p class=\"has-medium-font-size\"><strong><em>Da\u011flar\u0131n qoynunda yerl\u0259\u015f\u0259n, t\u0259bi\u0259tin \u0259srar\u0259ngiz g\u00f6z\u0259lliyi il\u0259 se\u00e7il\u0259n La\u00e7\u0131n bir ne\u00e7\u0259 ildir ki, yenid\u0259n \u00f6z do\u011fmalar\u0131n\u0131 ba\u011fr\u0131na bas\u0131r. Bir vaxtlar h\u0259sr\u0259tin v\u0259 niskilin \u00fcnvanlar\u0131ndan biri olan bu q\u0259dim yurd bu g\u00fcn Z\u0259f\u0259rin, qay\u0131d\u0131\u015f\u0131n v\u0259 quruculu\u011fun r\u0259mzl\u0259rind\u0259n birin\u0259 \u00e7evrilib.<\/em><\/strong><\/p>\n\n\n\n<p>Son 6 ild\u0259 \u015fanl\u0131 Z\u0259f\u0259r salnam\u0259sin\u0259 bir-birind\u0259n m\u00f6ht\u0259\u015f\u0259m s\u0259hif\u0259l\u0259r yazan Az\u0259rbaycan 2022-ci il avqustun 26-da daha bir q\u00fcrurverici v\u0259 \u0259lam\u0259tdar hadis\u0259y\u0259 imza atd\u0131. H\u0259min g\u00fcn Az\u0259rbaycan Ordusu La\u00e7\u0131n \u015f\u0259h\u0259rin\u0259 yerl\u0259\u015fdi, Zabux v\u0259 Sus k\u0259ndl\u0259ri n\u0259zar\u0259t\u0259 g\u00f6t\u00fcr\u00fcld\u00fc. Bununla da m\u00fch\u00fcm strateji \u0259h\u0259miyy\u0259t\u0259 malik La\u00e7\u0131n diyar\u0131n\u0131n i\u015f\u011fal\u0131na tamamil\u0259 son qoyuldu. Prezident \u0130lham \u018fliyevin 2023-c\u00fc il iyulun 31-d\u0259 imzalad\u0131\u011f\u0131 S\u0259r\u0259ncama \u0259sas\u0259n, avqustun 26-s\u0131 La\u00e7\u0131n \u015e\u0259h\u0259ri G\u00fcn\u00fc kimi qeyd olunur.<\/p>\n\n\n\n<p><a href=\"https:\/\/hakimiyyet.info.az\/\" title=\"Hakimiyyet.info.az\">Hakimiyyet.info.az<\/a>\u00a0\u00a0xat\u0131rlad\u0131r ki, 1930-cu il avqustun 8-d\u0259 t\u0259\u015fkil edil\u0259n La\u00e7\u0131n rayonunun m\u0259rk\u0259zi La\u00e7\u0131n \u015f\u0259h\u0259ridir. 1923-c\u00fc ild\u0259 Abdallar k\u0259nd ya\u015fay\u0131\u015f m\u0259nt\u0259q\u0259si La\u00e7\u0131n adland\u0131r\u0131l\u0131b v\u0259 \u015f\u0259h\u0259r statusu al\u0131b. B\u00f6y\u00fck strateji \u0259h\u0259miyy\u0259t\u0259 malik La\u00e7\u0131n rayonu (1 \u015f\u0259h\u0259r, 1 q\u0259s\u0259b\u0259 v\u0259 125 k\u0259nd) 1992-ci il may\u0131n 18-d\u0259 Erm\u0259nistan silahl\u0131 q\u00fcvv\u0259l\u0259ri t\u0259r\u0259find\u0259n i\u015f\u011fal edilib. \u0130\u015f\u011fal n\u0259tic\u0259sind\u0259 rayonun \u0259halisi etnik t\u0259mizl\u0259m\u0259y\u0259 m\u0259ruz qal\u0131b, 300-d\u0259n art\u0131q h\u0259rbi v\u0259 m\u00fclki \u015f\u0259xs h\u0259lak olub v\u0259 itkin d\u00fc\u015f\u00fcb. Rayonun 217 m\u0259d\u0259niyy\u0259t, 101 t\u0259hsil, 142 s\u0259hiyy\u0259 m\u00fc\u0259ssis\u0259si, 462 ticar\u0259t, 30 rabit\u0259, 133 idar\u0259 v\u0259 m\u00fc\u0259ssis\u0259si, 5 musiqi m\u0259kt\u0259bi, 1 internat m\u0259kt\u0259bi, 1 orta texniki pe\u015f\u0259 m\u0259kt\u0259bi, 2 avton\u0259qliyyat v\u0259 m\u00fcxt\u0259lif t\u0259yinatl\u0131 istehsal m\u00fc\u0259ssis\u0259si i\u015f\u011fal\u00e7\u0131lar t\u0259r\u0259find\u0259n talan olunaraq m\u0259hv edilib. H\u0259m\u00e7inin 54 d\u00fcnya, 200-d\u0259n \u00e7ox yerli \u0259h\u0259miyy\u0259tli tarixi abid\u0259 vandalizm\u0259 m\u0259ruz qal\u0131b. \u0130\u015f\u011fal d\u00f6vr\u00fcnd\u0259 rayonun me\u015f\u0259 fondunun \u0259h\u0259miyy\u0259tli hiss\u0259si m\u0259hv edilib, 240 hektar \u0259razisi olan Qarag\u00f6l D\u00f6vl\u0259t T\u0259bi\u0259t Qoru\u011funa v\u0259 20 min hektar \u0259razisi olan La\u00e7\u0131n D\u00f6vl\u0259t T\u0259bi\u0259t Yasaql\u0131\u011f\u0131na b\u00f6y\u00fck ziyan vurulub.<\/p>\n\n\n\n<p>Erm\u0259nistan i\u015f\u011fal\u00e7\u0131 t\u0259r\u0259f olaraq Cenevr\u0259 konvensiyalar\u0131 il\u0259 \u00fcz\u0259rin\u0259 d\u00fc\u015f\u0259n \u00f6hd\u0259likl\u0259rini kobud \u015f\u0259kild\u0259 pozaraq, La\u00e7\u0131n rayonunda co\u011frafi adlar\u0131n d\u0259yi\u015fdirilm\u0259si, rayonun t\u0259bii resurslar\u0131n\u0131n talan edilm\u0259si v\u0259 qazanc m\u0259nb\u0259yin\u0259 \u00e7evrilm\u0259si, \u0259sas\u0259n, Suriyadan olan erm\u0259ni\u0259silli qa\u00e7q\u0131nlar olmaqla, m\u0259qs\u0259dy\u00f6nl\u00fc m\u0259skunla\u015fma siyas\u0259ti apararaq, demoqrafik t\u0259rkibin d\u0259yi\u015fdirilm\u0259si kimi qeyri-qanuni \u0259m\u0259ll\u0259rl\u0259 m\u0259\u015f\u011ful olub. Bel\u0259 \u0259m\u0259ll\u0259r b\u00fct\u00fcn beyn\u0259lxalq konvensiyalarda h\u0259rbi cinay\u0259t kimi t\u0259sbit edilir v\u0259 bu cinay\u0259t d\u00fcnya ictimaiyy\u0259tinin g\u00f6z\u00fc qar\u015f\u0131s\u0131nda ba\u015f verib.<\/p>\n\n\n\n<p>N\u0259hay\u0259t, 2020-ci il sentyabr\u0131n 27-d\u0259 ba\u015flayan v\u0259 44 g\u00fcn davam ed\u0259n V\u0259t\u0259n m\u00fcharib\u0259si Az\u0259rbaycan\u0131n 30 illik i\u015f\u011fala son qoymas\u0131 il\u0259 n\u0259tic\u0259l\u0259nib. Az\u0259rbaycan Ordusunun d\u00f6y\u00fc\u015f meydan\u0131nda qazand\u0131\u011f\u0131 parlaq q\u0259l\u0259b\u0259l\u0259r, Ali Ba\u015f Komandan \u0130lham \u018fliyevin q\u0259tiyy\u0259tli v\u0259 prinsipial m\u00f6vqeyi, diplomatik m\u0259har\u0259ti v\u0259 d\u0259mir irad\u0259si Erm\u0259nistan\u0131 kapitulyasiyaya v\u0259 i\u015f\u011fal etdiyi \u0259razil\u0259ri bo\u015faltma\u011fa m\u0259cbur edib. \u00dc\u00e7t\u0259r\u0259fli B\u0259yanata uy\u011fun olaraq, 2020-ci il dekabr\u0131n 1-d\u0259 La\u00e7\u0131n rayonu Erm\u0259nistan ordusundan t\u0259hvil al\u0131n\u0131b. Bundan \u0259vv\u0259l, h\u0259min il noyabr\u0131n 9-da rayonun G\u00fcl\u0259bird, S\u0259fiyan v\u0259 T\u00fcrkl\u0259r k\u0259ndl\u0259ri Az\u0259rbaycan Silahl\u0131 Q\u00fcvv\u0259l\u0259ri t\u0259r\u0259find\u0259n azad edilib. Z\u0259f\u0259rd\u0259n iki il sonra \u2013 2022-ci il avqustun 26-da is\u0259 La\u00e7\u0131n \u015f\u0259h\u0259rinin, Zabux v\u0259 Sus k\u0259ndl\u0259rinin n\u0259zar\u0259t\u0259 g\u00f6t\u00fcr\u00fclm\u0259si il\u0259 rayonun tam azadl\u0131\u011f\u0131 t\u0259min olunub. Bel\u0259likl\u0259, h\u0259min hadis\u0259 Az\u0259rbaycan xalq\u0131n\u0131n Z\u0259f\u0259r salnam\u0259sind\u0259 h\u0259rbi g\u00fcc\u00fcn, siyasi q\u0259tiyy\u0259tin v\u0259 diplomatik irad\u0259nin v\u0259hd\u0259tini n\u00fcmayi\u015f etdir\u0259n m\u00fch\u00fcm tarixi hadis\u0259l\u0259rd\u0259n birin\u0259 \u00e7evrilib.<\/p>\n\n\n\n<p>Az\u0259rbaycan\u0131n dilb\u0259r gu\u015f\u0259l\u0259rind\u0259n olan La\u00e7\u0131n \u015f\u0259h\u0259rinin i\u015f\u011faldan azad edilm\u0259sind\u0259n sonra burada geni\u015fmiqyasl\u0131 b\u0259rpa v\u0259 quruculuq i\u015fl\u0259rin\u0259 ba\u015flan\u0131l\u0131b. \u015e\u0259h\u0259rin tarixi simas\u0131 qorunmaqla m\u00fcasir infrastruktur yarad\u0131l\u0131r, yeni ya\u015fay\u0131\u015f m\u0259h\u0259ll\u0259l\u0259ri, sosial obyektl\u0259r v\u0259 dig\u0259r m\u00fch\u00fcm layih\u0259l\u0259r h\u0259yata ke\u00e7irilir. \u201cB\u00f6y\u00fck Qay\u0131d\u0131\u015f\u201d Proqram\u0131 \u00e7\u0259r\u00e7iv\u0259sind\u0259 la\u00e7\u0131nl\u0131 m\u0259cburi k\u00f6\u00e7k\u00fcnl\u0259rin do\u011fma yurda m\u0259rh\u0259l\u0259li \u015f\u0259kild\u0259 qay\u0131d\u0131\u015f\u0131 t\u0259min edilir. 2023-c\u00fc il may\u0131n 28-d\u0259n ba\u015flayaraq La\u00e7\u0131n sakinl\u0259ri \u00f6z do\u011fma yurdlar\u0131na d\u00f6nm\u0259y\u0259 ba\u015flay\u0131blar. Vaxtil\u0259 h\u0259sr\u0259tl\u0259 xat\u0131rlanan k\u00fc\u00e7\u0259l\u0259r, evl\u0259r v\u0259 yurd yerl\u0259ri yenid\u0259n canlan\u0131r, La\u00e7\u0131n \u0259vv\u0259lki \u0259z\u0259m\u0259tin\u0259 qovu\u015fur.<\/p>\n\n\n\n<p>La\u00e7\u0131n \u015f\u0259h\u0259rind\u0259 \u0259halinin istirah\u0259tinin s\u0259m\u0259r\u0259li t\u0259\u015fkili istiqam\u0259tind\u0259 d\u0259 t\u0259dbirl\u0259r h\u0259yata ke\u00e7irilir. \u015e\u0259h\u0259rd\u0259 istehsalat, xidm\u0259t v\u0259 t\u0259dris m\u00fc\u0259ssis\u0259l\u0259rinin yarad\u0131lmas\u0131, yeni i\u015f yerl\u0259rinin a\u00e7\u0131lmas\u0131 v\u0259 \u0259halinin m\u0259\u015f\u011fullu\u011funun t\u0259min olunmas\u0131 diqq\u0259t m\u0259rk\u0259zind\u0259 saxlan\u0131l\u0131r. \u0130\u015f\u011faldan azad edilmi\u015f \u0259razil\u0259rimizin inki\u015faf\u0131n\u0131 daim x\u00fcsusi diqq\u0259td\u0259 saxlayan Prezident \u0130lham \u018fliyev La\u00e7\u0131n rayonuna bir ne\u00e7\u0259 d\u0259f\u0259 s\u0259f\u0259r edib, a\u00e7\u0131l\u0131\u015f v\u0259 t\u0259m\u0259lqoyma m\u0259rasiml\u0259rind\u0259 i\u015ftirak edib, rayonda h\u0259yata ke\u00e7iril\u0259n layih\u0259l\u0259rin v\u0259 apar\u0131lan quruculuq i\u015fl\u0259rinin gedi\u015fi il\u0259 tan\u0131\u015f olub.<\/p>\n\n\n\n<p>La\u00e7\u0131n bu g\u00fcn h\u0259m d\u0259 Az\u0259rbaycan\u0131n i\u015f\u011faldan azad edilmi\u015f \u0259razil\u0259rind\u0259 h\u0259yata ke\u00e7iril\u0259n quruculuq siyas\u0259tinin v\u0259 f\u0259al ictimai h\u0259yat\u0131n n\u00fcmun\u0259l\u0259rind\u0259n birin\u0259 \u00e7evrilib. \u015e\u0259h\u0259r art\u0131q bir s\u0131ra yerli v\u0259 beyn\u0259lxalq t\u0259dbirl\u0259r\u0259 ev sahibliyi edir, m\u00fcxt\u0259lif m\u00fch\u00fcm toplant\u0131lar\u0131n, forumlar\u0131n v\u0259 m\u0259d\u0259ni t\u0259dbirl\u0259rin ke\u00e7irilm\u0259si \u00fc\u00e7\u00fcn \u0259sas m\u0259kanlardan biri kimi se\u00e7ilir. Bu, La\u00e7\u0131n\u0131n yaln\u0131z ya\u015fay\u0131\u015f m\u0259nt\u0259q\u0259si kimi deyil, Az\u0259rbaycan\u0131n ictimai, m\u0259d\u0259ni v\u0259 beyn\u0259lxalq h\u0259yat\u0131nda \u00f6z\u00fcn\u0259m\u0259xsus yer tutan \u015f\u0259h\u0259r kimi yenid\u0259n formala\u015fd\u0131\u011f\u0131n\u0131 g\u00f6st\u0259rir. Bu g\u00fcn La\u00e7\u0131nda h\u0259r yeni k\u00fc\u00e7\u0259, h\u0259r yeni bina v\u0259 h\u0259r qay\u0131dan ail\u0259 B\u00f6y\u00fck Qay\u0131d\u0131\u015f\u0131n canl\u0131 t\u0259c\u0259ss\u00fcm\u00fcd\u00fcr. Bir vaxtlar i\u015f\u011fal\u0131n a\u011f\u0131r izl\u0259rini da\u015f\u0131yan \u015f\u0259h\u0259r indi quruculu\u011fun, firavanl\u0131\u011f\u0131n v\u0259 g\u0259l\u0259c\u0259y\u0259 inam\u0131n \u00fcnvanlar\u0131ndan birin\u0259 \u00e7evrilib.<\/p>\n\n\n\n<figure class=\"wp-block-image size-full\"><img decoding=\"async\" loading=\"lazy\" width=\"945\" height=\"630\" src=\"https:\/\/hakimiyyet.info.az\/wp-content\/uploads\/2026\/08\/lacin-1.jpg\" alt=\"\" class=\"wp-image-200718\" srcset=\"https:\/\/hakimiyyet.info.az\/wp-content\/uploads\/2026\/08\/lacin-1.jpg 945w, https:\/\/hakimiyyet.info.az\/wp-content\/uploads\/2026\/08\/lacin-1-300x200.jpg 300w, https:\/\/hakimiyyet.info.az\/wp-content\/uploads\/2026\/08\/lacin-1-768x512.jpg 768w\" sizes=\"(max-width: 945px) 100vw, 945px\" \/><\/figure>\n\n\n\n<p><\/p>\n\n\n\n<figure class=\"wp-block-image size-full\"><img decoding=\"async\" loading=\"lazy\" width=\"922\" height=\"630\" src=\"https:\/\/hakimiyyet.info.az\/wp-content\/uploads\/2026\/08\/lacin-2.jpg\" alt=\"\" class=\"wp-image-200719\" srcset=\"https:\/\/hakimiyyet.info.az\/wp-content\/uploads\/2026\/08\/lacin-2.jpg 922w, https:\/\/hakimiyyet.info.az\/wp-content\/uploads\/2026\/08\/lacin-2-300x205.jpg 300w, https:\/\/hakimiyyet.info.az\/wp-content\/uploads\/2026\/08\/lacin-2-768x525.jpg 768w\" sizes=\"(max-width: 922px) 100vw, 922px\" \/><\/figure>\n","protected":false},"excerpt":{"rendered":"<p>Da\u011flar\u0131n qoynunda yerl\u0259\u015f\u0259n, t\u0259bi\u0259tin \u0259srar\u0259ngiz g\u00f6z\u0259lliyi il\u0259 se\u00e7il\u0259n La\u00e7\u0131n bir ne\u00e7\u0259 ildir ki, yenid\u0259n \u00f6z do\u011fmalar\u0131n\u0131 ba\u011fr\u0131na bas\u0131r. Bir vaxtlar&hellip;<\/p>\n","protected":false},"author":2,"featured_media":200717,"comment_status":"closed","ping_status":"closed","sticky":false,"template":"","format":"standard","meta":{"om_disable_all_campaigns":false,"_monsterinsights_skip_tracking":false,"_uf_show_specific_survey":0,"_uf_disable_surveys":false,"footnotes":""},"categories":[23,47,2,5],"tags":[],"aioseo_notices":[],"_links":{"self":[{"href":"https:\/\/hakimiyyet.info.az\/index.php?rest_route=\/wp\/v2\/posts\/200716"}],"collection":[{"href":"https:\/\/hakimiyyet.info.az\/index.php?rest_route=\/wp\/v2\/posts"}],"about":[{"href":"https:\/\/hakimiyyet.info.az\/index.php?rest_route=\/wp\/v2\/types\/post"}],"author":[{"embeddable":true,"href":"https:\/\/hakimiyyet.info.az\/index.php?rest_route=\/wp\/v2\/users\/2"}],"replies":[{"embeddable":true,"href":"https:\/\/hakimiyyet.info.az\/index.php?rest_route=%2Fwp%2Fv2%2Fcomments&post=200716"}],"version-history":[{"count":1,"href":"https:\/\/hakimiyyet.info.az\/index.php?rest_route=\/wp\/v2\/posts\/200716\/revisions"}],"predecessor-version":[{"id":200720,"href":"https:\/\/hakimiyyet.info.az\/index.php?rest_route=\/wp\/v2\/posts\/200716\/revisions\/200720"}],"wp:featuredmedia":[{"embeddable":true,"href":"https:\/\/hakimiyyet.info.az\/index.php?rest_route=\/wp\/v2\/media\/200717"}],"wp:attachment":[{"href":"https:\/\/hakimiyyet.info.az\/index.php?rest_route=%2Fwp%2Fv2%2Fmedia&parent=200716"}],"wp:term":[{"taxonomy":"category","embeddable":true,"href":"https:\/\/hakimiyyet.info.az\/index.php?rest_route=%2Fwp%2Fv2%2Fcategories&post=200716"},{"taxonomy":"post_tag","embeddable":true,"href":"https:\/\/hakimiyyet.info.az\/index.php?rest_route=%2Fwp%2Fv2%2Ftags&post=200716"}],"curies":[{"name":"wp","href":"https:\/\/api.w.org\/{rel}","templated":true}]}}