{"id":200784,"date":"2026-08-26T22:25:59","date_gmt":"2026-08-26T18:25:59","guid":{"rendered":"https:\/\/hakimiyyet.info.az\/?p=200784"},"modified":"2026-08-26T22:26:00","modified_gmt":"2026-08-26T18:26:00","slug":"az%c9%99rbaycanla-ozb%c9%99kistan-kino-sah%c9%99sind%c9%99-%c9%99m%c9%99kdasligin-genisl%c9%99ndirilm%c9%99sin%c9%99-dair-s%c9%99n%c9%99d-imzalayib","status":"publish","type":"post","link":"https:\/\/hakimiyyet.info.az\/?p=200784","title":{"rendered":"Az\u0259rbaycanla \u00d6zb\u0259kistan kino sah\u0259sind\u0259 \u0259m\u0259kda\u015fl\u0131\u011f\u0131n geni\u015fl\u0259ndirilm\u0259sin\u0259 dair s\u0259n\u0259d imzalay\u0131b"},"content":{"rendered":"\n<p class=\"has-medium-font-size\"><strong><em>La\u00e7\u0131n Beyn\u0259lxalq Film Festival\u0131 \u00e7\u0259r\u00e7iv\u0259sind\u0259 Az\u0259rbaycan v\u0259 \u00d6zb\u0259kistan aras\u0131nda kino sah\u0259sind\u0259 \u0259m\u0259kda\u015fl\u0131\u011f\u0131n geni\u015fl\u0259ndirilm\u0259sin\u0259 dair s\u0259n\u0259d imzalan\u0131b.<\/em><\/strong><\/p>\n\n\n\n<p><a href=\"https:\/\/hakimiyyet.info.az\/\" title=\"Hakimiyyet.info.az\">Hakimiyyet.info.az<\/a>\u00a0x\u0259b\u0259r verir ki, s\u0259n\u0259di festival\u0131n direktoru, La\u00e7\u0131n \u015f\u0259h\u0259rind\u0259 yerl\u0259\u015f\u0259n \u201cHo\u00e7azfilm\u201d yarad\u0131c\u0131l\u0131q studiyas\u0131n\u0131n r\u0259hb\u0259ri Amil Amal v\u0259 \u00f6zb\u0259kistanl\u0131 prod\u00fcser Eldar Yulda\u015fev imzalay\u0131blar. S\u0259n\u0259d\u0259 \u0259sas\u0259n, \u201cHo\u00e7azfilm\u201d t\u0259r\u0259find\u0259n istehsal olunan filml\u0259rin \u00d6zb\u0259kistan kinoteatrlar\u0131nda n\u00fcmayi\u015f etdirilm\u0259si n\u0259z\u0259rd\u0259 tutulub.<\/p>\n\n\n\n<p>S\u0259n\u0259din imzalanmas\u0131 Az\u0259rbaycan v\u0259 \u00d6zb\u0259kistan aras\u0131nda kino sah\u0259sind\u0259 \u0259m\u0259kda\u015fl\u0131\u011f\u0131n inki\u015faf\u0131, film m\u00fcbadil\u0259sinin geni\u015fl\u0259ndirilm\u0259si v\u0259 iki \u00f6lk\u0259nin kino s\u0259nayesi n\u00fcmay\u0259nd\u0259l\u0259ri aras\u0131nda yarad\u0131c\u0131 \u0259laq\u0259l\u0259rin m\u00f6hk\u0259ml\u0259ndirilm\u0259si bax\u0131m\u0131ndan m\u00fch\u00fcm add\u0131m kimi qiym\u0259tl\u0259ndirilir.<\/p>\n","protected":false},"excerpt":{"rendered":"<p>La\u00e7\u0131n Beyn\u0259lxalq Film Festival\u0131 \u00e7\u0259r\u00e7iv\u0259sind\u0259 Az\u0259rbaycan v\u0259 \u00d6zb\u0259kistan aras\u0131nda kino sah\u0259sind\u0259 \u0259m\u0259kda\u015fl\u0131\u011f\u0131n geni\u015fl\u0259ndirilm\u0259sin\u0259 dair s\u0259n\u0259d imzalan\u0131b. Hakimiyyet.info.az\u00a0x\u0259b\u0259r verir ki, s\u0259n\u0259di&hellip;<\/p>\n","protected":false},"author":2,"featured_media":200785,"comment_status":"closed","ping_status":"closed","sticky":false,"template":"","format":"standard","meta":{"om_disable_all_campaigns":false,"_monsterinsights_skip_tracking":false,"_uf_show_specific_survey":0,"_uf_disable_surveys":false,"footnotes":""},"categories":[23,12,2,5],"tags":[],"aioseo_notices":[],"_links":{"self":[{"href":"https:\/\/hakimiyyet.info.az\/index.php?rest_route=\/wp\/v2\/posts\/200784"}],"collection":[{"href":"https:\/\/hakimiyyet.info.az\/index.php?rest_route=\/wp\/v2\/posts"}],"about":[{"href":"https:\/\/hakimiyyet.info.az\/index.php?rest_route=\/wp\/v2\/types\/post"}],"author":[{"embeddable":true,"href":"https:\/\/hakimiyyet.info.az\/index.php?rest_route=\/wp\/v2\/users\/2"}],"replies":[{"embeddable":true,"href":"https:\/\/hakimiyyet.info.az\/index.php?rest_route=%2Fwp%2Fv2%2Fcomments&post=200784"}],"version-history":[{"count":1,"href":"https:\/\/hakimiyyet.info.az\/index.php?rest_route=\/wp\/v2\/posts\/200784\/revisions"}],"predecessor-version":[{"id":200786,"href":"https:\/\/hakimiyyet.info.az\/index.php?rest_route=\/wp\/v2\/posts\/200784\/revisions\/200786"}],"wp:featuredmedia":[{"embeddable":true,"href":"https:\/\/hakimiyyet.info.az\/index.php?rest_route=\/wp\/v2\/media\/200785"}],"wp:attachment":[{"href":"https:\/\/hakimiyyet.info.az\/index.php?rest_route=%2Fwp%2Fv2%2Fmedia&parent=200784"}],"wp:term":[{"taxonomy":"category","embeddable":true,"href":"https:\/\/hakimiyyet.info.az\/index.php?rest_route=%2Fwp%2Fv2%2Fcategories&post=200784"},{"taxonomy":"post_tag","embeddable":true,"href":"https:\/\/hakimiyyet.info.az\/index.php?rest_route=%2Fwp%2Fv2%2Ftags&post=200784"}],"curies":[{"name":"wp","href":"https:\/\/api.w.org\/{rel}","templated":true}]}}