{"id":200790,"date":"2026-08-26T22:29:41","date_gmt":"2026-08-26T18:29:41","guid":{"rendered":"https:\/\/hakimiyyet.info.az\/?p=200790"},"modified":"2026-08-26T22:29:42","modified_gmt":"2026-08-26T18:29:42","slug":"avropada-qazin-qiym%c9%99ti-5-faiz%c9%99d%c9%99k-azalib","status":"publish","type":"post","link":"https:\/\/hakimiyyet.info.az\/?p=200790","title":{"rendered":"Avropada qaz\u0131n qiym\u0259ti 5 faiz\u0259d\u0259k azal\u0131b"},"content":{"rendered":"\n<p class=\"has-medium-font-size\"><strong><em>Yax\u0131n \u015e\u0259rqd\u0259ki diplomatik t\u0259maslar, \u0130ran v\u0259 Oman\u0131n H\u00f6rm\u00fcz bo\u011faz\u0131nda birg\u0259 d\u0259hlizin aktivl\u0259\u015fdirilm\u0259si bar\u0259d\u0259 raz\u0131l\u0131\u011fa g\u0259lm\u0259si x\u0259b\u0259rl\u0259rinin t\u0259siri il\u0259 Avropada t\u0259bii qaz\u0131n qiym\u0259ti t\u0259xmin\u0259n 5 faiz azal\u0131b.<\/em><\/strong><\/p>\n\n\n\n<p><a href=\"https:\/\/hakimiyyet.info.az\/\" title=\"Hakimiyyet.info.az\">Hakimiyyet.info.az<\/a>\u00a0x\u0259b\u0259r verir ki, g\u00fcn \u0259rzind\u0259 Niderland\u0131n TTF hab\u0131nda meqavat\/saat t\u0259bii qaz\u0131n qiym\u0259ti 63 avro civar\u0131nda olub.<\/p>\n\n\n\n<p>\u201cGas Infrastructure Europe\u201dnin m\u0259lumat\u0131na g\u00f6r\u0259, Avropadak\u0131 yeralt\u0131 t\u0259bii qaz anbarlar\u0131n\u0131n doluluq nisb\u0259ti haz\u0131rda 63,3 faizdir.<\/p>\n\n\n\n<p>Avropada anbarlar\u0131n doluluq nisb\u0259ti \u00f6t\u0259n ilin eyni d\u00f6vr\u00fcnd\u0259ki s\u0259viyy\u0259d\u0259n a\u015fa\u011f\u0131 olsa da, Yax\u0131n \u015e\u0259rqd\u0259, x\u00fcsus\u0259n d\u0259 Q\u0259t\u0259rd\u0259 qaz yataqlar\u0131na d\u0259y\u0259n ziyan v\u0259 H\u00f6rm\u00fcz bo\u011faz\u0131ndan ke\u00e7\u0259n da\u015f\u0131nmalarda yaranan fasil\u0259l\u0259r qaz qiym\u0259tl\u0259rinin ke\u00e7\u0259nilki s\u0259viyy\u0259d\u0259n yuxar\u0131 qalmas\u0131na s\u0259b\u0259b olur.<\/p>\n","protected":false},"excerpt":{"rendered":"<p>Yax\u0131n \u015e\u0259rqd\u0259ki diplomatik t\u0259maslar, \u0130ran v\u0259 Oman\u0131n H\u00f6rm\u00fcz bo\u011faz\u0131nda birg\u0259 d\u0259hlizin aktivl\u0259\u015fdirilm\u0259si bar\u0259d\u0259 raz\u0131l\u0131\u011fa g\u0259lm\u0259si x\u0259b\u0259rl\u0259rinin t\u0259siri il\u0259 Avropada t\u0259bii&hellip;<\/p>\n","protected":false},"author":2,"featured_media":200791,"comment_status":"closed","ping_status":"closed","sticky":false,"template":"","format":"standard","meta":{"om_disable_all_campaigns":false,"_monsterinsights_skip_tracking":false,"_uf_show_specific_survey":0,"_uf_disable_surveys":false,"footnotes":""},"categories":[23,9,6,5],"tags":[],"aioseo_notices":[],"_links":{"self":[{"href":"https:\/\/hakimiyyet.info.az\/index.php?rest_route=\/wp\/v2\/posts\/200790"}],"collection":[{"href":"https:\/\/hakimiyyet.info.az\/index.php?rest_route=\/wp\/v2\/posts"}],"about":[{"href":"https:\/\/hakimiyyet.info.az\/index.php?rest_route=\/wp\/v2\/types\/post"}],"author":[{"embeddable":true,"href":"https:\/\/hakimiyyet.info.az\/index.php?rest_route=\/wp\/v2\/users\/2"}],"replies":[{"embeddable":true,"href":"https:\/\/hakimiyyet.info.az\/index.php?rest_route=%2Fwp%2Fv2%2Fcomments&post=200790"}],"version-history":[{"count":1,"href":"https:\/\/hakimiyyet.info.az\/index.php?rest_route=\/wp\/v2\/posts\/200790\/revisions"}],"predecessor-version":[{"id":200792,"href":"https:\/\/hakimiyyet.info.az\/index.php?rest_route=\/wp\/v2\/posts\/200790\/revisions\/200792"}],"wp:featuredmedia":[{"embeddable":true,"href":"https:\/\/hakimiyyet.info.az\/index.php?rest_route=\/wp\/v2\/media\/200791"}],"wp:attachment":[{"href":"https:\/\/hakimiyyet.info.az\/index.php?rest_route=%2Fwp%2Fv2%2Fmedia&parent=200790"}],"wp:term":[{"taxonomy":"category","embeddable":true,"href":"https:\/\/hakimiyyet.info.az\/index.php?rest_route=%2Fwp%2Fv2%2Fcategories&post=200790"},{"taxonomy":"post_tag","embeddable":true,"href":"https:\/\/hakimiyyet.info.az\/index.php?rest_route=%2Fwp%2Fv2%2Ftags&post=200790"}],"curies":[{"name":"wp","href":"https:\/\/api.w.org\/{rel}","templated":true}]}}