{"id":200869,"date":"2026-08-26T23:37:23","date_gmt":"2026-08-26T19:37:23","guid":{"rendered":"https:\/\/hakimiyyet.info.az\/?p=200869"},"modified":"2026-08-26T23:37:24","modified_gmt":"2026-08-26T19:37:24","slug":"s%c9%99fir-imzalanan-muqavil%c9%99l%c9%99r-ozb%c9%99kistan-az%c9%99rbaycan-mutt%c9%99fiqliyinin-inkisafini-%c9%99ks-etdirir","status":"publish","type":"post","link":"https:\/\/hakimiyyet.info.az\/?p=200869","title":{"rendered":"S\u0259fir: \u0130mzalanan m\u00fcqavil\u0259l\u0259r \u00d6zb\u0259kistan-Az\u0259rbaycan m\u00fctt\u0259fiqliyinin inki\u015faf\u0131n\u0131 \u0259ks etdirir"},"content":{"rendered":"\n<p class=\"has-medium-font-size\"><strong><em>Milli M\u0259clisin deputat\u0131 G\u00fcnay \u018ff\u0259ndiyeva Qazax\u0131stana s\u0259f\u0259ri \u00e7\u0259r\u00e7iv\u0259sind\u0259 \u00d6zb\u0259kistan\u0131n bu \u00f6lk\u0259d\u0259ki s\u0259firi Baxtiyor \u0130brahimovla g\u00f6r\u00fc\u015f\u00fcb.<\/em><\/strong><\/p>\n\n\n\n<p><a href=\"https:\/\/hakimiyyet.info.az\/\" title=\"Hakimiyyet.info.az\">Hakimiyyet.info.az<\/a>\u00a0x\u0259b\u0259r verir ki, g\u00f6r\u00fc\u015fd\u0259 Az\u0259rbaycan-\u00d6zb\u0259kistan t\u0259r\u0259fda\u015fl\u0131\u011f\u0131, T\u00fcrk d\u00fcnyas\u0131nda inteqrasiya prosesl\u0259ri \u0259traf\u0131nda fikir m\u00fcbadil\u0259si apar\u0131l\u0131b.<\/p>\n\n\n\n<p>G\u00fcnay \u018ff\u0259ndiyeva bildirib ki, prezidentl\u0259r \u0130lham \u018fliyev il\u0259 \u015eavkat Mirziyoyevin qarda\u015fl\u0131q m\u00fcnasib\u0259tl\u0259ri, s\u0131x qar\u015f\u0131l\u0131ql\u0131 s\u0259f\u0259rl\u0259ri iki \u00f6lk\u0259nin h\u0259rt\u0259r\u0259fli \u0259m\u0259kda\u015fl\u0131\u011f\u0131na g\u00fccl\u00fc t\u0259kan verir. Az\u0259rbaycan Prezidentinin avqustun 23-d\u0259 \u00d6zb\u0259kistana d\u00f6vl\u0259t s\u0259f\u0259ri is\u0259 iki \u00f6lk\u0259nin strateji m\u00fcnasib\u0259tl\u0259rinin inki\u015faf\u0131nda m\u00fch\u00fcm \u0259h\u0259miyy\u0259t da\u015f\u0131y\u0131r.<\/p>\n\n\n\n<p>Deputat bu kontekstd\u0259 d\u00f6vl\u0259t ba\u015f\u00e7\u0131lar\u0131 t\u0259r\u0259find\u0259n imzalanan \u201cAz\u0259rbaycan Respublikas\u0131 il\u0259 \u00d6zb\u0259kistan Respublikas\u0131 aras\u0131nda \u0259b\u0259di dostluq haqq\u0131nda M\u00fcqavil\u0259\u201dy\u0259 diqq\u0259t \u00e7\u0259kib. O, s\u0259n\u0259di Az\u0259rbaycan v\u0259 \u00d6zb\u0259kistan\u0131n tarixi ba\u011flar\u0131n\u0131n, \u00e7ox\u0259srlik dostlu\u011funun m\u00fcasir d\u00f6vrd\u0259 n\u00f6vb\u0259ti r\u0259mzi kimi qiym\u0259tl\u0259ndirib.<\/p>\n\n\n\n<p>S\u0259fir Baxtiyor \u0130brahimov Az\u0259rbaycan-\u00d6zb\u0259kistan \u0259laq\u0259l\u0259rinin g\u00fcnd\u0259n-g\u00fcn\u0259 daha da geni\u015fl\u0259nm\u0259sinin \u00f6n\u0259mind\u0259n s\u00f6z a\u00e7\u0131b, m\u00fcnasib\u0259tl\u0259rimizin ortaq tarixi-m\u0259d\u0259ni k\u00f6kl\u0259r \u00fcz\u0259rind\u0259 y\u00fcks\u0259l\u0259n x\u0259tl\u0259 davam etdirildiyini vur\u011fulay\u0131b. Bildirib ki, bir \u00e7ox m\u00fcxt\u0259lif istiqam\u0259tl\u0259r \u00fczr\u0259 imzalanan birg\u0259 sazi\u015fl\u0259r iki \u00f6lk\u0259nin m\u00fctt\u0259fiqlik dialoqunun inki\u015faf\u0131n\u0131 \u0259ks etdirir.<\/p>\n\n\n\n<p>G\u00f6r\u00fc\u015fd\u0259, h\u0259m\u00e7inin \u0259m\u0259kda\u015fl\u0131\u011f\u0131n perspektivl\u0259rin\u0259 v\u0259 qar\u015f\u0131l\u0131ql\u0131 maraq do\u011furan m\u0259s\u0259l\u0259l\u0259r\u0259 dair m\u00fczakir\u0259l\u0259r apar\u0131l\u0131b.<\/p>\n","protected":false},"excerpt":{"rendered":"<p>Milli M\u0259clisin deputat\u0131 G\u00fcnay \u018ff\u0259ndiyeva Qazax\u0131stana s\u0259f\u0259ri \u00e7\u0259r\u00e7iv\u0259sind\u0259 \u00d6zb\u0259kistan\u0131n bu \u00f6lk\u0259d\u0259ki s\u0259firi Baxtiyor \u0130brahimovla g\u00f6r\u00fc\u015f\u00fcb. Hakimiyyet.info.az\u00a0x\u0259b\u0259r verir ki, g\u00f6r\u00fc\u015fd\u0259 Az\u0259rbaycan-\u00d6zb\u0259kistan&hellip;<\/p>\n","protected":false},"author":2,"featured_media":200870,"comment_status":"closed","ping_status":"closed","sticky":false,"template":"","format":"standard","meta":{"om_disable_all_campaigns":false,"_monsterinsights_skip_tracking":false,"_uf_show_specific_survey":0,"_uf_disable_surveys":false,"footnotes":""},"categories":[23,2,7,5],"tags":[],"aioseo_notices":[],"_links":{"self":[{"href":"https:\/\/hakimiyyet.info.az\/index.php?rest_route=\/wp\/v2\/posts\/200869"}],"collection":[{"href":"https:\/\/hakimiyyet.info.az\/index.php?rest_route=\/wp\/v2\/posts"}],"about":[{"href":"https:\/\/hakimiyyet.info.az\/index.php?rest_route=\/wp\/v2\/types\/post"}],"author":[{"embeddable":true,"href":"https:\/\/hakimiyyet.info.az\/index.php?rest_route=\/wp\/v2\/users\/2"}],"replies":[{"embeddable":true,"href":"https:\/\/hakimiyyet.info.az\/index.php?rest_route=%2Fwp%2Fv2%2Fcomments&post=200869"}],"version-history":[{"count":1,"href":"https:\/\/hakimiyyet.info.az\/index.php?rest_route=\/wp\/v2\/posts\/200869\/revisions"}],"predecessor-version":[{"id":200871,"href":"https:\/\/hakimiyyet.info.az\/index.php?rest_route=\/wp\/v2\/posts\/200869\/revisions\/200871"}],"wp:featuredmedia":[{"embeddable":true,"href":"https:\/\/hakimiyyet.info.az\/index.php?rest_route=\/wp\/v2\/media\/200870"}],"wp:attachment":[{"href":"https:\/\/hakimiyyet.info.az\/index.php?rest_route=%2Fwp%2Fv2%2Fmedia&parent=200869"}],"wp:term":[{"taxonomy":"category","embeddable":true,"href":"https:\/\/hakimiyyet.info.az\/index.php?rest_route=%2Fwp%2Fv2%2Fcategories&post=200869"},{"taxonomy":"post_tag","embeddable":true,"href":"https:\/\/hakimiyyet.info.az\/index.php?rest_route=%2Fwp%2Fv2%2Ftags&post=200869"}],"curies":[{"name":"wp","href":"https:\/\/api.w.org\/{rel}","templated":true}]}}