{"id":200902,"date":"2026-08-27T12:34:49","date_gmt":"2026-08-27T08:34:49","guid":{"rendered":"https:\/\/hakimiyyet.info.az\/?p=200902"},"modified":"2026-08-27T12:34:51","modified_gmt":"2026-08-27T08:34:51","slug":"moldova-respublikasinin-prezidenti-zati-alil%c9%99ri-xanim-maya-sanduya","status":"publish","type":"post","link":"https:\/\/hakimiyyet.info.az\/?p=200902","title":{"rendered":"Moldova Respublikas\u0131n\u0131n Prezidenti Zati-alil\u0259ri xan\u0131m Maya Sanduya"},"content":{"rendered":"\n<p>Moldova Respublikas\u0131n\u0131n m\u00fcst\u0259qilliyinin elan edilm\u0259sinin 35-ci ild\u00f6n\u00fcm\u00fc m\u00fcnasib\u0259til\u0259 Sizi v\u0259 Sizin siman\u0131zda b\u00fct\u00fcn xalq\u0131n\u0131z\u0131 \u00f6z ad\u0131mdan v\u0259 Az\u0259rbaycan xalq\u0131 ad\u0131ndan \u00fcr\u0259kd\u0259n t\u0259brik edir v\u0259 \u0259n xo\u015f arzular\u0131m\u0131 \u00e7atd\u0131r\u0131ram.<\/p>\n\n\n\n<p>Bu g\u00fcn Az\u0259rbaycan-Moldova \u0259n\u0259n\u0259vi dostluq v\u0259 \u0259m\u0259kda\u015fl\u0131q \u0259laq\u0259l\u0259rinin y\u00fcks\u0259l\u0259n x\u0259tt \u00fczr\u0259 inki\u015faf\u0131 m\u0259mnunluq do\u011furur.<\/p>\n\n\n\n<p>\u018fmin\u0259m ki, bir-birin\u0259 dostluq tell\u0259ri il\u0259 ba\u011fl\u0131 olan xalqlar\u0131m\u0131z\u0131n irad\u0259sin\u0259 uy\u011fun olaraq \u00f6lk\u0259l\u0259rimiz aras\u0131ndak\u0131 \u0259laq\u0259l\u0259rin h\u0259rt\u0259r\u0259fli inki\u015faf\u0131, \u0259m\u0259kda\u015fl\u0131\u011f\u0131m\u0131z\u0131n daha da d\u0259rinl\u0259\u015fdirilm\u0259si istiqam\u0259tind\u0259 s\u0259yl\u0259rimizi bundan sonra da ard\u0131c\u0131l \u015f\u0259kild\u0259 davam etdir\u0259c\u0259yik.<\/p>\n\n\n\n<p>Bel\u0259 bir \u0259lam\u0259tdar g\u00fcnd\u0259 Siz\u0259 m\u00f6hk\u0259m cansa\u011fl\u0131\u011f\u0131, xo\u015fb\u0259xtlik, ali d\u00f6vl\u0259ti f\u0259aliyy\u0259tinizd\u0259 u\u011furlar, dost Moldova xalq\u0131na daim \u0259min-amanl\u0131q v\u0259 rifah arzulayram.<\/p>\n\n\n\n<p>H\u00f6rm\u0259tl\u0259,<\/p>\n\n\n\n<p>\u0130lham \u018fliyev<\/p>\n\n\n\n<p>Az\u0259rbaycan Respublikas\u0131n\u0131n Prezidenti<\/p>\n\n\n\n<p>Bak\u0131 \u015f\u0259h\u0259ri, 24 avqust 2026-c\u0131 il<\/p>\n","protected":false},"excerpt":{"rendered":"<p>Moldova Respublikas\u0131n\u0131n m\u00fcst\u0259qilliyinin elan edilm\u0259sinin 35-ci ild\u00f6n\u00fcm\u00fc m\u00fcnasib\u0259til\u0259 Sizi v\u0259 Sizin siman\u0131zda b\u00fct\u00fcn xalq\u0131n\u0131z\u0131 \u00f6z ad\u0131mdan v\u0259 Az\u0259rbaycan xalq\u0131 ad\u0131ndan&hellip;<\/p>\n","protected":false},"author":2,"featured_media":200903,"comment_status":"closed","ping_status":"closed","sticky":false,"template":"","format":"standard","meta":{"om_disable_all_campaigns":false,"_monsterinsights_skip_tracking":false,"_uf_show_specific_survey":0,"_uf_disable_surveys":false,"footnotes":""},"categories":[23,2,34,5],"tags":[],"aioseo_notices":[],"_links":{"self":[{"href":"https:\/\/hakimiyyet.info.az\/index.php?rest_route=\/wp\/v2\/posts\/200902"}],"collection":[{"href":"https:\/\/hakimiyyet.info.az\/index.php?rest_route=\/wp\/v2\/posts"}],"about":[{"href":"https:\/\/hakimiyyet.info.az\/index.php?rest_route=\/wp\/v2\/types\/post"}],"author":[{"embeddable":true,"href":"https:\/\/hakimiyyet.info.az\/index.php?rest_route=\/wp\/v2\/users\/2"}],"replies":[{"embeddable":true,"href":"https:\/\/hakimiyyet.info.az\/index.php?rest_route=%2Fwp%2Fv2%2Fcomments&post=200902"}],"version-history":[{"count":1,"href":"https:\/\/hakimiyyet.info.az\/index.php?rest_route=\/wp\/v2\/posts\/200902\/revisions"}],"predecessor-version":[{"id":200904,"href":"https:\/\/hakimiyyet.info.az\/index.php?rest_route=\/wp\/v2\/posts\/200902\/revisions\/200904"}],"wp:featuredmedia":[{"embeddable":true,"href":"https:\/\/hakimiyyet.info.az\/index.php?rest_route=\/wp\/v2\/media\/200903"}],"wp:attachment":[{"href":"https:\/\/hakimiyyet.info.az\/index.php?rest_route=%2Fwp%2Fv2%2Fmedia&parent=200902"}],"wp:term":[{"taxonomy":"category","embeddable":true,"href":"https:\/\/hakimiyyet.info.az\/index.php?rest_route=%2Fwp%2Fv2%2Fcategories&post=200902"},{"taxonomy":"post_tag","embeddable":true,"href":"https:\/\/hakimiyyet.info.az\/index.php?rest_route=%2Fwp%2Fv2%2Ftags&post=200902"}],"curies":[{"name":"wp","href":"https:\/\/api.w.org\/{rel}","templated":true}]}}