{"id":201007,"date":"2026-08-27T21:23:02","date_gmt":"2026-08-27T17:23:02","guid":{"rendered":"https:\/\/hakimiyyet.info.az\/?p=201007"},"modified":"2026-08-27T21:23:04","modified_gmt":"2026-08-27T17:23:04","slug":"cempionlar-liqasi-sabahin-%c9%99sas-m%c9%99rh%c9%99l%c9%99d%c9%99ki-butun-r%c9%99qibl%c9%99ri-mu%c9%99yy%c9%99nl%c9%99sib","status":"publish","type":"post","link":"https:\/\/hakimiyyet.info.az\/?p=201007","title":{"rendered":"\u00c7empionlar Liqas\u0131: \u201cSabah\u201d\u0131n \u0259sas m\u0259rh\u0259l\u0259d\u0259ki b\u00fct\u00fcn r\u0259qibl\u0259ri m\u00fc\u0259yy\u0259nl\u0259\u015fib"},"content":{"rendered":"\n<p class=\"has-medium-font-size\"><strong><em>UEFA \u00c7empionlar Liqas\u0131n\u0131n liqa m\u0259rh\u0259l\u0259sinin p\u00fc\u015fkatma m\u0259rasimi ke\u00e7irilib.<\/em><\/strong><\/p>\n\n\n\n<p><a href=\"https:\/\/hakimiyyet.info.az\/\" title=\"Hakimiyyet.info.az\">Hakimiyyet.info.az<\/a>\u00a0x\u0259b\u0259r verir ki, Monakoda t\u0259\u015fkil olunan t\u0259dbird\u0259 Az\u0259rbaycan \u00e7empionu &#8220;Sabah&#8221;\u0131n da r\u0259qibl\u0259ri m\u00fc\u0259yy\u0259nl\u0259\u015fib.<\/p>\n\n\n\n<p>Tarixind\u0259 ilk d\u0259f\u0259 \u00c7empionlar Liqas\u0131na v\u0259siq\u0259 qazanan Bak\u0131 t\u0259msil\u00e7isi \u0259sas m\u0259rh\u0259l\u0259d\u0259 \u0130spaniyan\u0131n \u201cBarselona\u201d (ev), Almaniyan\u0131n \u201cBorussiya Dortmund\u201d (ev), \u0130spaniyan\u0131n \u201cVilyarreal\u201d (s\u0259f\u0259r), \u0130taliyan\u0131n \u201cNapoli\u201d (ev), \u00c7exiyan\u0131n \u201cSlaviya Praqa\u201d (ev), Norve\u00e7in \u201cVikinq\u201d (s\u0259f\u0259r), \u0130ngilt\u0259r\u0259nin \u201cArsenal\u201d v\u0259 \u201cMan\u00e7ester Yunayted\u201d (h\u0259r ikisi s\u0259f\u0259r) klublar\u0131 il\u0259 qar\u015f\u0131la\u015facaq.<\/p>\n\n\n\n<p>Qeyd ed\u0259k ki, liqa m\u0259rh\u0259l\u0259sin\u0259 sentyabr\u0131n 8-d\u0259 start veril\u0259c\u0259k.<\/p>\n","protected":false},"excerpt":{"rendered":"<p>UEFA \u00c7empionlar Liqas\u0131n\u0131n liqa m\u0259rh\u0259l\u0259sinin p\u00fc\u015fkatma m\u0259rasimi ke\u00e7irilib. Hakimiyyet.info.az\u00a0x\u0259b\u0259r verir ki, Monakoda t\u0259\u015fkil olunan t\u0259dbird\u0259 Az\u0259rbaycan \u00e7empionu &#8220;Sabah&#8221;\u0131n da r\u0259qibl\u0259ri&hellip;<\/p>\n","protected":false},"author":2,"featured_media":201008,"comment_status":"closed","ping_status":"closed","sticky":false,"template":"","format":"standard","meta":{"om_disable_all_campaigns":false,"_monsterinsights_skip_tracking":false,"_uf_show_specific_survey":0,"_uf_disable_surveys":false,"footnotes":""},"categories":[23,13,2,5],"tags":[],"aioseo_notices":[],"_links":{"self":[{"href":"https:\/\/hakimiyyet.info.az\/index.php?rest_route=\/wp\/v2\/posts\/201007"}],"collection":[{"href":"https:\/\/hakimiyyet.info.az\/index.php?rest_route=\/wp\/v2\/posts"}],"about":[{"href":"https:\/\/hakimiyyet.info.az\/index.php?rest_route=\/wp\/v2\/types\/post"}],"author":[{"embeddable":true,"href":"https:\/\/hakimiyyet.info.az\/index.php?rest_route=\/wp\/v2\/users\/2"}],"replies":[{"embeddable":true,"href":"https:\/\/hakimiyyet.info.az\/index.php?rest_route=%2Fwp%2Fv2%2Fcomments&post=201007"}],"version-history":[{"count":1,"href":"https:\/\/hakimiyyet.info.az\/index.php?rest_route=\/wp\/v2\/posts\/201007\/revisions"}],"predecessor-version":[{"id":201009,"href":"https:\/\/hakimiyyet.info.az\/index.php?rest_route=\/wp\/v2\/posts\/201007\/revisions\/201009"}],"wp:featuredmedia":[{"embeddable":true,"href":"https:\/\/hakimiyyet.info.az\/index.php?rest_route=\/wp\/v2\/media\/201008"}],"wp:attachment":[{"href":"https:\/\/hakimiyyet.info.az\/index.php?rest_route=%2Fwp%2Fv2%2Fmedia&parent=201007"}],"wp:term":[{"taxonomy":"category","embeddable":true,"href":"https:\/\/hakimiyyet.info.az\/index.php?rest_route=%2Fwp%2Fv2%2Fcategories&post=201007"},{"taxonomy":"post_tag","embeddable":true,"href":"https:\/\/hakimiyyet.info.az\/index.php?rest_route=%2Fwp%2Fv2%2Ftags&post=201007"}],"curies":[{"name":"wp","href":"https:\/\/api.w.org\/{rel}","templated":true}]}}