{"id":201010,"date":"2026-08-27T21:27:31","date_gmt":"2026-08-27T17:27:31","guid":{"rendered":"https:\/\/hakimiyyet.info.az\/?p=201010"},"modified":"2026-08-27T21:27:33","modified_gmt":"2026-08-27T17:27:33","slug":"az%c9%99rbaycanin-xarici-isl%c9%99r-nazirinin-muavini-islam-em%c9%99kdasliq-t%c9%99skilatinin-fovq%c9%99lad%c9%99-iclasinda-istirak-edib","status":"publish","type":"post","link":"https:\/\/hakimiyyet.info.az\/?p=201010","title":{"rendered":"Az\u0259rbaycan\u0131n xarici i\u015fl\u0259r nazirinin m\u00fcavini \u0130slam \u018fm\u0259kda\u015fl\u0131q T\u0259\u015fkilat\u0131n\u0131n f\u00f6vq\u0259lad\u0259 iclas\u0131nda i\u015ftirak edib"},"content":{"rendered":"\n<p class=\"has-medium-font-size\"><strong><em>Avqustun 27-d\u0259 Az\u0259rbaycan\u0131n xarici i\u015fl\u0259r nazirinin m\u00fcavini Yal\u00e7\u0131n R\u0259fiyev \u0130slam \u018fm\u0259kda\u015fl\u0131q T\u0259\u015fkilat\u0131n\u0131n (\u0130\u018fT) xarici i\u015fl\u0259r nazirl\u0259ri \u015furas\u0131n\u0131n 23-c\u00fc f\u00f6vq\u0259lad\u0259 iclas\u0131nda i\u015ftirak edib.<\/em><\/strong><\/p>\n\n\n\n<p>Xarici \u0130\u015fl\u0259r Nazirliyind\u0259n&nbsp;<a href=\"https:\/\/azertag.az\/\" target=\"_blank\" rel=\"noreferrer noopener\">AZ\u018fRTAC<\/a>-a bildirilib ki, S\u0259udiyy\u0259 \u018fr\u0259bistan\u0131 Krall\u0131\u011f\u0131n\u0131n Cidd\u0259 \u015f\u0259h\u0259rind\u0259 yerl\u0259\u015f\u0259n \u0130\u018fT-in m\u0259nzil q\u0259rargah\u0131nda ba\u015f tutmu\u015f f\u00f6vq\u0259lad\u0259 iclas\u0131n g\u00fcnd\u0259liyind\u0259 t\u0259\u015fkilat\u0131n yeni Ba\u015f katibinin se\u00e7ilm\u0259si, el\u0259c\u0259 d\u0259 F\u0259l\u0259stin v\u0259 \u018fl-Q\u00fcds \u018f\u015f-\u015e\u0259rif m\u0259s\u0259l\u0259l\u0259ri yer al\u0131b.<\/p>\n\n\n\n<p>T\u0259dbirin \u0259vv\u0259lind\u0259 \u0130\u018fT-in yeni Ba\u015f katibinin se\u00e7ilm\u0259si il\u0259 ba\u011fl\u0131 m\u00fcvafiq q\u0259rar yekdillikl\u0259 q\u0259bul edilib. Q\u0259rara \u0259sas\u0259n, m\u00fcvafiq v\u0259zif\u0259y\u0259 yegan\u0259 namiz\u0259d olan Mavritaniya \u0130slam Respublikas\u0131n\u0131n sabiq xarici i\u015fl\u0259r naziri \u0130smay\u0131l Uld \u015eeyx Ahmed \u0130\u018fT-in yeni Ba\u015f katibi se\u00e7ilib.<\/p>\n\n\n\n<p>\u0130clasda \u00e7\u0131x\u0131\u015f ed\u0259n Y.R\u0259fiyev yeni Ba\u015f katibi t\u0259yinat m\u00fcnasib\u0259til\u0259 t\u0259brik ed\u0259r\u0259k f\u0259aliyy\u0259ti m\u00fcdd\u0259tind\u0259 ona Az\u0259rbaycan Respublikas\u0131 t\u0259r\u0259find\u0259n tam d\u0259st\u0259k veril\u0259c\u0259yini ifad\u0259 edib. Eyni zamanda, \u0130\u018fT ba\u015f katibi kimi m\u00fcdd\u0259ti ba\u015fa \u00e7atm\u0131\u015f Hissein Brahim Tahaya \u00f6t\u0259n m\u00fcdd\u0259t \u0259rzind\u0259 g\u00f6st\u0259rmi\u015f oldu\u011fu s\u0259m\u0259r\u0259li f\u0259aliyy\u0259t\u0259 g\u00f6r\u0259 t\u0259\u015f\u0259kk\u00fcr olunub.<\/p>\n\n\n\n<p>\u00c7\u0131x\u0131\u015fda \u0130\u018fT-in m\u00fch\u00fcm beyn\u0259lxalq t\u0259sisat kimi inki\u015faf perspektivl\u0259rin\u0259 v\u0259 qar\u015f\u0131s\u0131nda duran v\u0259zif\u0259l\u0259r\u0259 toxunulub. Nazir m\u00fcavini \u00f6lk\u0259mizin 2027-ci ild\u0259 \u0130\u018fT D\u00f6vl\u0259t v\u0259 H\u00f6kum\u0259t Ba\u015f\u00e7\u0131lar\u0131 Zirv\u0259sin\u0259 ev sahibliyi ed\u0259c\u0259yini v\u0259 quruma s\u0259drlik ed\u0259c\u0259yini xat\u0131rladaraq, t\u0259\u015fkilat\u0131n maraqlar\u0131 v\u0259 \u00fczv d\u00f6vl\u0259tl\u0259r aras\u0131nda \u0259m\u0259kda\u015fl\u0131\u011f\u0131n daha da geni\u015fl\u0259ndirilm\u0259si istiqam\u0259tind\u0259 yeni Ba\u015f katibl\u0259 yax\u0131ndan i\u015fl\u0259y\u0259c\u0259yini bildirib.<\/p>\n\n\n\n<p>\u0130clas\u0131n g\u00fcnd\u0259liyind\u0259 duran F\u0259l\u0259stin m\u0259s\u0259l\u0259sin\u0259 dair Az\u0259rbaycan\u0131n d\u0259yi\u015fm\u0259z v\u0259 prinsipial m\u00f6vqeyi, beyn\u0259lxalq h\u00fcququn aliliyin\u0259 h\u00f6rm\u0259tin \u0259h\u0259miyy\u0259ti, habel\u0259 \u00f6lk\u0259miz t\u0259r\u0259find\u0259n F\u0259l\u0259stin xalq\u0131na x\u00fcsusil\u0259 t\u0259hsil v\u0259 s\u0259hiyy\u0259 sah\u0259sind\u0259 g\u00f6st\u0259rilmi\u015f yard\u0131mlar qeyd edilib. Y.R\u0259fiyev F\u0259l\u0259stin Ba\u015f naziri M\u0259h\u0259mm\u0259d Mustafan\u0131n cari ilin iyul ay\u0131nda \u00f6lk\u0259miz\u0259 ba\u015f tutmu\u015f r\u0259smi s\u0259f\u0259rinin iki \u00f6lk\u0259 aras\u0131nda iqtisadi \u0259m\u0259kda\u015fl\u0131q sah\u0259sind\u0259 yeni imkanlar a\u00e7d\u0131\u011f\u0131n\u0131 n\u0259z\u0259r\u0259 \u00e7atd\u0131r\u0131b.<\/p>\n","protected":false},"excerpt":{"rendered":"<p>Avqustun 27-d\u0259 Az\u0259rbaycan\u0131n xarici i\u015fl\u0259r nazirinin m\u00fcavini Yal\u00e7\u0131n R\u0259fiyev \u0130slam \u018fm\u0259kda\u015fl\u0131q T\u0259\u015fkilat\u0131n\u0131n (\u0130\u018fT) xarici i\u015fl\u0259r nazirl\u0259ri \u015furas\u0131n\u0131n 23-c\u00fc f\u00f6vq\u0259lad\u0259 iclas\u0131nda&hellip;<\/p>\n","protected":false},"author":2,"featured_media":201011,"comment_status":"closed","ping_status":"closed","sticky":false,"template":"","format":"standard","meta":{"om_disable_all_campaigns":false,"_monsterinsights_skip_tracking":false,"_uf_show_specific_survey":0,"_uf_disable_surveys":false,"footnotes":""},"categories":[23,2,7,5],"tags":[],"aioseo_notices":[],"_links":{"self":[{"href":"https:\/\/hakimiyyet.info.az\/index.php?rest_route=\/wp\/v2\/posts\/201010"}],"collection":[{"href":"https:\/\/hakimiyyet.info.az\/index.php?rest_route=\/wp\/v2\/posts"}],"about":[{"href":"https:\/\/hakimiyyet.info.az\/index.php?rest_route=\/wp\/v2\/types\/post"}],"author":[{"embeddable":true,"href":"https:\/\/hakimiyyet.info.az\/index.php?rest_route=\/wp\/v2\/users\/2"}],"replies":[{"embeddable":true,"href":"https:\/\/hakimiyyet.info.az\/index.php?rest_route=%2Fwp%2Fv2%2Fcomments&post=201010"}],"version-history":[{"count":1,"href":"https:\/\/hakimiyyet.info.az\/index.php?rest_route=\/wp\/v2\/posts\/201010\/revisions"}],"predecessor-version":[{"id":201012,"href":"https:\/\/hakimiyyet.info.az\/index.php?rest_route=\/wp\/v2\/posts\/201010\/revisions\/201012"}],"wp:featuredmedia":[{"embeddable":true,"href":"https:\/\/hakimiyyet.info.az\/index.php?rest_route=\/wp\/v2\/media\/201011"}],"wp:attachment":[{"href":"https:\/\/hakimiyyet.info.az\/index.php?rest_route=%2Fwp%2Fv2%2Fmedia&parent=201010"}],"wp:term":[{"taxonomy":"category","embeddable":true,"href":"https:\/\/hakimiyyet.info.az\/index.php?rest_route=%2Fwp%2Fv2%2Fcategories&post=201010"},{"taxonomy":"post_tag","embeddable":true,"href":"https:\/\/hakimiyyet.info.az\/index.php?rest_route=%2Fwp%2Fv2%2Ftags&post=201010"}],"curies":[{"name":"wp","href":"https:\/\/api.w.org\/{rel}","templated":true}]}}