{"id":201016,"date":"2026-08-27T21:32:14","date_gmt":"2026-08-27T17:32:14","guid":{"rendered":"https:\/\/hakimiyyet.info.az\/?p=201016"},"modified":"2026-08-27T21:32:16","modified_gmt":"2026-08-27T17:32:16","slug":"avtomobil-yollari-dovl%c9%99t-agentliyinin-r%c9%99hb%c9%99ri-oguz-v%c9%99-q%c9%99b%c9%99l%c9%99-sakinl%c9%99rinin-muraci%c9%99tl%c9%99rini-dinl%c9%99yib","status":"publish","type":"post","link":"https:\/\/hakimiyyet.info.az\/?p=201016","title":{"rendered":"Avtomobil Yollar\u0131 D\u00f6vl\u0259t Agentliyinin r\u0259hb\u0259ri O\u011fuz\u00a0v\u0259 Q\u0259b\u0259l\u0259 sakinl\u0259rinin m\u00fcraci\u0259tl\u0259rini dinl\u0259yib"},"content":{"rendered":"\n<p class=\"has-medium-font-size\"><strong><em>Az\u0259rbaycan Avtomobil Yollar\u0131 D\u00f6vl\u0259t Agentliyinin (AAYDA) \u0130dar\u0259 Hey\u0259tinin s\u0259dri V\u00fcsal N\u0259sirli avqustun 27-d\u0259 Q\u0259b\u0259l\u0259 rayonunda O\u011fuz v\u0259 Q\u0259b\u0259l\u0259 rayonlar\u0131n\u0131n sakinl\u0259rinin m\u00fcraci\u0259tl\u0259rini dinl\u0259yib.<\/em><\/strong><\/p>\n\n\n\n<p>AAYDA-dan&nbsp;<a href=\"https:\/\/azertag.az\/\" target=\"_blank\" rel=\"noreferrer noopener\">AZ\u018fRTAC<\/a>-a bildirilib ki, q\u0259buldan \u0259vv\u0259l \u0130dar\u0259 Hey\u0259tinin s\u0259dri V\u00fcsal N\u0259sirli v\u0259 Q\u0259b\u0259l\u0259 Rayon \u0130cra Hakimiyy\u0259tinin ba\u015f\u00e7\u0131s\u0131 S\u0259buhi Abdullayev \u00dcmummilli Lider Heyd\u0259r \u018fliyevin Q\u0259b\u0259l\u0259 \u015f\u0259h\u0259rind\u0259 ucald\u0131lm\u0131\u015f abid\u0259sini ziyar\u0259t edibl\u0259r.<\/p>\n\n\n\n<p>Q\u0259bul zaman\u0131 v\u0259t\u0259nda\u015flar\u0131n avtomobil yollar\u0131 v\u0259 yol infrastrukturu il\u0259 ba\u011fl\u0131 m\u00fcraci\u0259tl\u0259ri v\u0259 t\u0259klifl\u0259ri aidiyy\u0259ti \u00fczr\u0259 n\u0259z\u0259rd\u0259n ke\u00e7irilib. Qald\u0131r\u0131lan m\u0259s\u0259l\u0259l\u0259rin ara\u015fd\u0131r\u0131lmas\u0131 v\u0259 h\u0259lli istiqam\u0259tind\u0259 m\u00fcvafiq tap\u015f\u0131r\u0131qlar verilib.<\/p>\n\n\n\n<p>V\u0259t\u0259nda\u015f m\u00fcraci\u0259tl\u0259rinin operativ \u015f\u0259kild\u0259 ara\u015fd\u0131r\u0131lmas\u0131 v\u0259 h\u0259lli AAYDA-n\u0131n f\u0259aliyy\u0259tinin \u0259sas istiqam\u0259tl\u0259rind\u0259n biri kimi diqq\u0259td\u0259 saxlan\u0131l\u0131r.<\/p>\n","protected":false},"excerpt":{"rendered":"<p>Az\u0259rbaycan Avtomobil Yollar\u0131 D\u00f6vl\u0259t Agentliyinin (AAYDA) \u0130dar\u0259 Hey\u0259tinin s\u0259dri V\u00fcsal N\u0259sirli avqustun 27-d\u0259 Q\u0259b\u0259l\u0259 rayonunda O\u011fuz v\u0259 Q\u0259b\u0259l\u0259 rayonlar\u0131n\u0131n sakinl\u0259rinin&hellip;<\/p>\n","protected":false},"author":2,"featured_media":201017,"comment_status":"closed","ping_status":"closed","sticky":false,"template":"","format":"standard","meta":{"om_disable_all_campaigns":false,"_monsterinsights_skip_tracking":false,"_uf_show_specific_survey":0,"_uf_disable_surveys":false,"footnotes":""},"categories":[23,47,2,5],"tags":[],"aioseo_notices":[],"_links":{"self":[{"href":"https:\/\/hakimiyyet.info.az\/index.php?rest_route=\/wp\/v2\/posts\/201016"}],"collection":[{"href":"https:\/\/hakimiyyet.info.az\/index.php?rest_route=\/wp\/v2\/posts"}],"about":[{"href":"https:\/\/hakimiyyet.info.az\/index.php?rest_route=\/wp\/v2\/types\/post"}],"author":[{"embeddable":true,"href":"https:\/\/hakimiyyet.info.az\/index.php?rest_route=\/wp\/v2\/users\/2"}],"replies":[{"embeddable":true,"href":"https:\/\/hakimiyyet.info.az\/index.php?rest_route=%2Fwp%2Fv2%2Fcomments&post=201016"}],"version-history":[{"count":1,"href":"https:\/\/hakimiyyet.info.az\/index.php?rest_route=\/wp\/v2\/posts\/201016\/revisions"}],"predecessor-version":[{"id":201018,"href":"https:\/\/hakimiyyet.info.az\/index.php?rest_route=\/wp\/v2\/posts\/201016\/revisions\/201018"}],"wp:featuredmedia":[{"embeddable":true,"href":"https:\/\/hakimiyyet.info.az\/index.php?rest_route=\/wp\/v2\/media\/201017"}],"wp:attachment":[{"href":"https:\/\/hakimiyyet.info.az\/index.php?rest_route=%2Fwp%2Fv2%2Fmedia&parent=201016"}],"wp:term":[{"taxonomy":"category","embeddable":true,"href":"https:\/\/hakimiyyet.info.az\/index.php?rest_route=%2Fwp%2Fv2%2Fcategories&post=201016"},{"taxonomy":"post_tag","embeddable":true,"href":"https:\/\/hakimiyyet.info.az\/index.php?rest_route=%2Fwp%2Fv2%2Ftags&post=201016"}],"curies":[{"name":"wp","href":"https:\/\/api.w.org\/{rel}","templated":true}]}}