{"id":201034,"date":"2026-08-27T22:01:06","date_gmt":"2026-08-27T18:01:06","guid":{"rendered":"https:\/\/hakimiyyet.info.az\/?p=201034"},"modified":"2026-08-27T22:01:07","modified_gmt":"2026-08-27T18:01:07","slug":"avropa-olk%c9%99l%c9%99rind%c9%99-k%c9%99nd-t%c9%99s%c9%99rrufati-bitkil%c9%99rinin-m%c9%99hsuldarligi-asagi-dusub","status":"publish","type":"post","link":"https:\/\/hakimiyyet.info.az\/?p=201034","title":{"rendered":"Avropa \u00f6lk\u0259l\u0259rind\u0259 k\u0259nd t\u0259s\u0259rr\u00fcfat\u0131 bitkil\u0259rinin m\u0259hsuldarl\u0131\u011f\u0131 a\u015fa\u011f\u0131 d\u00fc\u015f\u00fcb"},"content":{"rendered":"\n<p class=\"has-medium-font-size\"><strong><em>Avropada m\u00fc\u015fahid\u0259 olunan anomal istil\u0259r v\u0259 quraql\u0131q bir s\u0131ra k\u0259nd t\u0259s\u0259rr\u00fcfat\u0131 bitkil\u0259rinin, o c\u00fcml\u0259d\u0259n qar\u011f\u0131dal\u0131n\u0131n, soyan\u0131n, kartofun, \u015f\u0259k\u0259r \u00e7u\u011fundurunun v\u0259 g\u00fcn\u0259baxan\u0131n m\u0259hsuldarl\u0131\u011f\u0131 il\u0259 ba\u011fl\u0131 g\u00f6zl\u0259ntil\u0259ri a\u015fa\u011f\u0131 sal\u0131b.<\/em><\/strong><\/p>\n\n\n\n<p><a href=\"https:\/\/hakimiyyet.info.az\/\" title=\"Hakimiyyet.info.az\">Hakimiyyet.info.az<\/a>\u00a0x\u0259b\u0259r verir ki, Avropa Komissiyas\u0131n\u0131n Birg\u0259 T\u0259dqiqat M\u0259rk\u0259zi avqust ay\u0131 \u00fczr\u0259 Avropada k\u0259nd t\u0259s\u0259rr\u00fcfat\u0131 bitkil\u0259rinin inki\u015faf\u0131n\u0131 v\u0259 m\u0259hsuldarl\u0131q proqnozlar\u0131n\u0131 \u0259hat\u0259 ed\u0259n MARS B\u00fclletenini yay\u0131b.<\/p>\n\n\n\n<p>B\u00fclleten\u0259 g\u00f6r\u0259, iyulun \u0259vv\u0259lind\u0259n avqustun ortalar\u0131na q\u0259d\u0259r Avropada h\u00f6km s\u00fcr\u0259n davaml\u0131 y\u00fcks\u0259k t\u0259zyiq sistemi buludlar\u0131n v\u0259 ya\u011f\u0131nt\u0131lar\u0131n yaranmas\u0131n\u0131 m\u0259hdudla\u015fd\u0131raraq, isti havan\u0131n davam etm\u0259sin\u0259 s\u0259b\u0259b olub. T\u0259krarlanan isti hava dal\u011falar\u0131 n\u0259tic\u0259sind\u0259 su itkisi ya\u011f\u0131nt\u0131larla t\u0259min olunan su miqdar\u0131n\u0131 \u00fcst\u0259l\u0259yib v\u0259 bu da avqustun ilk yar\u0131s\u0131nda quraql\u0131\u011f\u0131n daha da artmas\u0131 il\u0259 n\u0259tic\u0259l\u0259nib. H\u0259min d\u00f6vrd\u0259 Q\u0259rbi v\u0259 C\u0259nub-Q\u0259rbi Avropa il\u0259 M\u0259rk\u0259zi Avropan\u0131n c\u0259nub hiss\u0259l\u0259rind\u0259 g\u00fcnd\u0259lik orta temperatur m\u00f6vs\u00fcmi normadan 4, Fransan\u0131n b\u0259zi b\u00f6lg\u0259l\u0259rind\u0259 is\u0259 6 d\u0259r\u0259c\u0259 y\u00fcks\u0259k olub.<\/p>\n\n\n\n<p>Y\u00fcks\u0259k temperatur v\u0259 su \u00e7at\u0131\u015fmazl\u0131\u011f\u0131 k\u0259nd t\u0259s\u0259rr\u00fcfat\u0131 bitkil\u0259rinin inki\u015faf\u0131na m\u0259nfi t\u0259sir g\u00f6st\u0259rm\u0259kl\u0259 yana\u015f\u0131, onlar\u0131n vaxt\u0131ndan \u0259vv\u0259l qurumas\u0131na s\u0259b\u0259b olub. Avropa \u0130ttifaq\u0131 \u00fczr\u0259 bu il h\u0259r hektardan soyan\u0131n m\u0259hsuldarl\u0131\u011f\u0131 son 5 ilin orta g\u00f6st\u0259ricisind\u0259n 14 faiz az olub. M\u00fcvafiq g\u00f6st\u0259ricinin silos qar\u011f\u0131dal\u0131s\u0131nda 12, d\u0259nli qar\u011f\u0131dal\u0131da 7, kartofda 6, \u015f\u0259k\u0259r \u00e7u\u011fundurunda 5, g\u00fcn\u0259baxanda is\u0259 3 faiz t\u0259\u015fkil ed\u0259c\u0259yi proqnozla\u015fd\u0131r\u0131l\u0131r.<\/p>\n\n\n\n<p>\u0130sti v\u0259 quraq hava otlaq sah\u0259l\u0259rin\u0259 d\u0259 t\u0259sir g\u00f6st\u0259rib. Bu v\u0259ziyy\u0259t Avropa \u00f6lk\u0259l\u0259rind\u0259 heyvan yeminin t\u0259dar\u00fck\u00fc il\u0259 ba\u011fl\u0131 narahatl\u0131qlar\u0131 art\u0131r\u0131b.<\/p>\n","protected":false},"excerpt":{"rendered":"<p>Avropada m\u00fc\u015fahid\u0259 olunan anomal istil\u0259r v\u0259 quraql\u0131q bir s\u0131ra k\u0259nd t\u0259s\u0259rr\u00fcfat\u0131 bitkil\u0259rinin, o c\u00fcml\u0259d\u0259n qar\u011f\u0131dal\u0131n\u0131n, soyan\u0131n, kartofun, \u015f\u0259k\u0259r \u00e7u\u011fundurunun v\u0259&hellip;<\/p>\n","protected":false},"author":2,"featured_media":201035,"comment_status":"closed","ping_status":"closed","sticky":false,"template":"","format":"standard","meta":{"om_disable_all_campaigns":false,"_monsterinsights_skip_tracking":false,"_uf_show_specific_survey":0,"_uf_disable_surveys":false,"footnotes":""},"categories":[23,9,5],"tags":[],"aioseo_notices":[],"_links":{"self":[{"href":"https:\/\/hakimiyyet.info.az\/index.php?rest_route=\/wp\/v2\/posts\/201034"}],"collection":[{"href":"https:\/\/hakimiyyet.info.az\/index.php?rest_route=\/wp\/v2\/posts"}],"about":[{"href":"https:\/\/hakimiyyet.info.az\/index.php?rest_route=\/wp\/v2\/types\/post"}],"author":[{"embeddable":true,"href":"https:\/\/hakimiyyet.info.az\/index.php?rest_route=\/wp\/v2\/users\/2"}],"replies":[{"embeddable":true,"href":"https:\/\/hakimiyyet.info.az\/index.php?rest_route=%2Fwp%2Fv2%2Fcomments&post=201034"}],"version-history":[{"count":1,"href":"https:\/\/hakimiyyet.info.az\/index.php?rest_route=\/wp\/v2\/posts\/201034\/revisions"}],"predecessor-version":[{"id":201036,"href":"https:\/\/hakimiyyet.info.az\/index.php?rest_route=\/wp\/v2\/posts\/201034\/revisions\/201036"}],"wp:featuredmedia":[{"embeddable":true,"href":"https:\/\/hakimiyyet.info.az\/index.php?rest_route=\/wp\/v2\/media\/201035"}],"wp:attachment":[{"href":"https:\/\/hakimiyyet.info.az\/index.php?rest_route=%2Fwp%2Fv2%2Fmedia&parent=201034"}],"wp:term":[{"taxonomy":"category","embeddable":true,"href":"https:\/\/hakimiyyet.info.az\/index.php?rest_route=%2Fwp%2Fv2%2Fcategories&post=201034"},{"taxonomy":"post_tag","embeddable":true,"href":"https:\/\/hakimiyyet.info.az\/index.php?rest_route=%2Fwp%2Fv2%2Ftags&post=201034"}],"curies":[{"name":"wp","href":"https:\/\/api.w.org\/{rel}","templated":true}]}}