{"id":201063,"date":"2026-08-28T17:37:33","date_gmt":"2026-08-28T13:37:33","guid":{"rendered":"https:\/\/hakimiyyet.info.az\/?p=201063"},"modified":"2026-08-28T17:37:35","modified_gmt":"2026-08-28T13:37:35","slug":"az%c9%99riqazin-bas-direktoru-qaxda-v%c9%99t%c9%99ndaslarin-muraci%c9%99tl%c9%99rini-dinl%c9%99yib","status":"publish","type":"post","link":"https:\/\/hakimiyyet.info.az\/?p=201063","title":{"rendered":"\u201cAz\u0259riqaz\u201d\u0131n ba\u015f direktoru Qaxda v\u0259t\u0259nda\u015flar\u0131n m\u00fcraci\u0259tl\u0259rini dinl\u0259yib"},"content":{"rendered":"\n<p class=\"has-medium-font-size\"><strong><em>SOCAR-\u0131n &#8220;Az\u0259riqaz&#8221; \u0130stehsalat Birliyinin ba\u015f direktoru Az\u0259r M\u0259mm\u0259dovun v\u0259t\u0259nda\u015flarla n\u00f6vb\u0259ti g\u00f6r\u00fc\u015f\u00fc Qax rayonunda ba\u015f tutub.<\/em><\/strong><\/p>\n\n\n\n<p>\u201cAz\u0259riqaz\u201ddan&nbsp;<a href=\"https:\/\/azertag.az\/\" target=\"_blank\" rel=\"noreferrer noopener\">AZ\u018fRTAC<\/a>-a bildirilib ki, \u0130stehsalat Birliyinin r\u0259hb\u0259ri Qax, \u015e\u0259ki, O\u011fuz v\u0259 B\u0259rd\u0259 rayonlar\u0131ndan g\u00f6r\u00fc\u015f\u0259 g\u0259l\u0259n v\u0259t\u0259nda\u015flar\u0131n m\u00fcraci\u0259t v\u0259 \u015fikay\u0259tl\u0259rini dinl\u0259yib.<\/p>\n\n\n\n<p>M\u00fcraci\u0259tl\u0259r \u0259sas\u0259n i\u015f\u0259 q\u0259bul, i\u015f yerinin d\u0259yi\u015fdirilm\u0259si, k\u0259nd v\u0259 yeni ya\u015fay\u0131\u015f massivl\u0259rin\u0259 k\u00fc\u00e7\u0259 qaz x\u0259tl\u0259rinin \u00e7\u0259kilm\u0259si, f\u0259rdi ya\u015fay\u0131\u015f evinin qazla\u015fd\u0131r\u0131lmas\u0131, qaz say\u011fac\u0131n\u0131n \u0259v\u0259zl\u0259nm\u0259si v\u0259 qaz x\u0259ttinin yerinin d\u0259yi\u015fdirilm\u0259si il\u0259 ba\u011fl\u0131 olub.<\/p>\n\n\n\n<p>Ba\u015f direktor h\u0259r bir m\u00fcraci\u0259tl\u0259 ba\u011fl\u0131 \u0259trafl\u0131 m\u0259lumat verib.<\/p>\n\n\n\n<p>Bir s\u0131ra m\u0259s\u0259l\u0259l\u0259rin is\u0259 yerind\u0259 bax\u0131lmas\u0131 v\u0259 ara\u015fd\u0131r\u0131lmas\u0131 \u00fc\u00e7\u00fcn Zaqatala Regional Qaz \u0130stismar\u0131 \u0130dar\u0259sinin r\u0259hb\u0259rliyin\u0259 m\u00fcvafiq tap\u015f\u0131r\u0131qlar verilib.<\/p>\n","protected":false},"excerpt":{"rendered":"<p>SOCAR-\u0131n &#8220;Az\u0259riqaz&#8221; \u0130stehsalat Birliyinin ba\u015f direktoru Az\u0259r M\u0259mm\u0259dovun v\u0259t\u0259nda\u015flarla n\u00f6vb\u0259ti g\u00f6r\u00fc\u015f\u00fc Qax rayonunda ba\u015f tutub. \u201cAz\u0259riqaz\u201ddan&nbsp;AZ\u018fRTAC-a bildirilib ki, \u0130stehsalat Birliyinin&hellip;<\/p>\n","protected":false},"author":2,"featured_media":201064,"comment_status":"closed","ping_status":"closed","sticky":false,"template":"","format":"standard","meta":{"om_disable_all_campaigns":false,"_monsterinsights_skip_tracking":false,"_uf_show_specific_survey":0,"_uf_disable_surveys":false,"footnotes":""},"categories":[23,47,2,5],"tags":[],"aioseo_notices":[],"_links":{"self":[{"href":"https:\/\/hakimiyyet.info.az\/index.php?rest_route=\/wp\/v2\/posts\/201063"}],"collection":[{"href":"https:\/\/hakimiyyet.info.az\/index.php?rest_route=\/wp\/v2\/posts"}],"about":[{"href":"https:\/\/hakimiyyet.info.az\/index.php?rest_route=\/wp\/v2\/types\/post"}],"author":[{"embeddable":true,"href":"https:\/\/hakimiyyet.info.az\/index.php?rest_route=\/wp\/v2\/users\/2"}],"replies":[{"embeddable":true,"href":"https:\/\/hakimiyyet.info.az\/index.php?rest_route=%2Fwp%2Fv2%2Fcomments&post=201063"}],"version-history":[{"count":1,"href":"https:\/\/hakimiyyet.info.az\/index.php?rest_route=\/wp\/v2\/posts\/201063\/revisions"}],"predecessor-version":[{"id":201065,"href":"https:\/\/hakimiyyet.info.az\/index.php?rest_route=\/wp\/v2\/posts\/201063\/revisions\/201065"}],"wp:featuredmedia":[{"embeddable":true,"href":"https:\/\/hakimiyyet.info.az\/index.php?rest_route=\/wp\/v2\/media\/201064"}],"wp:attachment":[{"href":"https:\/\/hakimiyyet.info.az\/index.php?rest_route=%2Fwp%2Fv2%2Fmedia&parent=201063"}],"wp:term":[{"taxonomy":"category","embeddable":true,"href":"https:\/\/hakimiyyet.info.az\/index.php?rest_route=%2Fwp%2Fv2%2Fcategories&post=201063"},{"taxonomy":"post_tag","embeddable":true,"href":"https:\/\/hakimiyyet.info.az\/index.php?rest_route=%2Fwp%2Fv2%2Ftags&post=201063"}],"curies":[{"name":"wp","href":"https:\/\/api.w.org\/{rel}","templated":true}]}}