{"id":201077,"date":"2026-08-28T17:43:41","date_gmt":"2026-08-28T13:43:41","guid":{"rendered":"https:\/\/hakimiyyet.info.az\/?p=201077"},"modified":"2026-08-28T17:43:42","modified_gmt":"2026-08-28T13:43:42","slug":"q%c9%99t%c9%99r-lng-t%c9%99daruku-uzr%c9%99-fors-major-mudd%c9%99ti-uzadib","status":"publish","type":"post","link":"https:\/\/hakimiyyet.info.az\/?p=201077","title":{"rendered":"Q\u0259t\u0259r LNG t\u0259dar\u00fck\u00fc \u00fczr\u0259 fors-major m\u00fcdd\u0259ti uzad\u0131b"},"content":{"rendered":"\n<p class=\"has-medium-font-size\"><strong><em>Q\u0259t\u0259rin Avropa v\u0259 Asiyadak\u0131 al\u0131c\u0131lara mayel\u0259\u015fdirilmi\u015f t\u0259bii qaz (LNG) t\u0259dar\u00fck\u00fc \u00fczr\u0259 fors-major m\u00fcdd\u0259tini daha bir ay uzatd\u0131\u011f\u0131 bildirilir.<\/em><\/strong><\/p>\n\n\n\n<p><a href=\"https:\/\/hakimiyyet.info.az\/\" title=\"Hakimiyyet.info.az\u00a0\">Hakimiyyet.info.az\u00a0<\/a>xarici mediaya istinadla x\u0259b\u0259r verir ki, m\u0259nb\u0259l\u0259r\u0259 g\u00f6r\u0259, Q\u0259t\u0259rin d\u00f6vl\u0259t \u015firk\u0259ti \u201cQatarEnergy\u201d bu h\u0259ft\u0259 Pakistan al\u0131c\u0131lar\u0131na LNG da\u015f\u0131nmalar\u0131 il\u0259 ba\u011fl\u0131 l\u0259\u011fvl\u0259rin oktyabr ay\u0131na q\u0259d\u0259r davam ed\u0259c\u0259yini a\u00e7\u0131qlay\u0131b. Eyni m\u0259nb\u0259l\u0259r Banqlade\u015f\u0259 t\u0259dar\u00fck \u00fc\u00e7\u00fcn fors-major statusunun da sentyabr ay\u0131n\u0131n sonundan sonrak\u0131 m\u00fcdd\u0259t\u0259 uzad\u0131ld\u0131\u011f\u0131n\u0131 deyib.<\/p>\n\n\n\n<p>\u201cQatarEnergy\u201dnin m\u00fc\u015ft\u0259risi olan \u0130taliyan\u0131n \u201cEdison\u201d \u015firk\u0259ti is\u0259 l\u0259\u011fvl\u0259rin noyabr\u0131n \u0259vv\u0259lin\u0259 q\u0259d\u0259r uzad\u0131ld\u0131\u011f\u0131n\u0131 a\u00e7\u0131qlay\u0131b. Avropadak\u0131 dig\u0259r treyderl\u0259r d\u0259 bildiri\u015f alma\u011fa ba\u015flay\u0131blar.<\/p>\n\n\n\n<p>\u201cQatarEnergy\u201d h\u0259l\u0259lik m\u0259s\u0259l\u0259 il\u0259 ba\u011fl\u0131 \u015f\u0259rh verm\u0259yib.<\/p>\n\n\n\n<p>Ekspertl\u0259r g\u00f6r\u0259, Q\u0259t\u0259r H\u00f6rm\u00fcz bo\u011faz\u0131ndan y\u00fck da\u015f\u0131maqda daha ehtiyatl\u0131d\u0131r, \u00e7\u00fcnki LNG g\u0259mil\u0259ri neft tankerl\u0259rind\u0259n daha az v\u0259 daha d\u0259y\u0259rlidir.<\/p>\n\n\n\n<p>Qeyd ed\u0259k ki, Q\u0259t\u0259r iyul ay\u0131nda iki tankerin\u0259 h\u00fccum edildikd\u0259n sonra H\u00f6rm\u00fcz bo\u011faz\u0131ndan LNG da\u015f\u0131nmas\u0131n\u0131 dayand\u0131r\u0131b. AB\u015e v\u0259 \u0130ran aras\u0131nda h\u0259l\u0259 d\u0259 s\u00fclh m\u00fcqavil\u0259si ba\u011flanmad\u0131\u011f\u0131 \u00fc\u00e7\u00fcn bu, ke\u00e7\u0259n il qlobal LNG t\u0259dar\u00fck\u00fcn\u00fcn t\u0259xmin\u0259n be\u015fd\u0259birini ke\u00e7diyi bo\u011fazdan ax\u0131nlar\u0131n daha da m\u0259hdudla\u015fd\u0131r\u0131lmas\u0131 t\u0259hl\u00fck\u0259si yarad\u0131r.<\/p>\n\n\n\n<p>Haz\u0131rda H\u00f6rm\u00fcz bo\u011faz\u0131ndan LNG ax\u0131n\u0131 dem\u0259k olar ki, dayan\u0131b. T\u0259chizatdak\u0131 s\u0131x\u0131nt\u0131 fonunda Avropa v\u0259 Asiyada LNG qiym\u0259tl\u0259ri m\u00fcharib\u0259d\u0259n \u0259vv\u0259lki s\u0259viyy\u0259l\u0259rl\u0259 m\u00fcqayis\u0259d\u0259 t\u0259xmin\u0259n iki d\u0259f\u0259 art\u0131b.<\/p>\n","protected":false},"excerpt":{"rendered":"<p>Q\u0259t\u0259rin Avropa v\u0259 Asiyadak\u0131 al\u0131c\u0131lara mayel\u0259\u015fdirilmi\u015f t\u0259bii qaz (LNG) t\u0259dar\u00fck\u00fc \u00fczr\u0259 fors-major m\u00fcdd\u0259tini daha bir ay uzatd\u0131\u011f\u0131 bildirilir. Hakimiyyet.info.az\u00a0xarici mediaya&hellip;<\/p>\n","protected":false},"author":2,"featured_media":201078,"comment_status":"closed","ping_status":"closed","sticky":false,"template":"","format":"standard","meta":{"om_disable_all_campaigns":false,"_monsterinsights_skip_tracking":false,"_uf_show_specific_survey":0,"_uf_disable_surveys":false,"footnotes":""},"categories":[23,9,5],"tags":[],"aioseo_notices":[],"_links":{"self":[{"href":"https:\/\/hakimiyyet.info.az\/index.php?rest_route=\/wp\/v2\/posts\/201077"}],"collection":[{"href":"https:\/\/hakimiyyet.info.az\/index.php?rest_route=\/wp\/v2\/posts"}],"about":[{"href":"https:\/\/hakimiyyet.info.az\/index.php?rest_route=\/wp\/v2\/types\/post"}],"author":[{"embeddable":true,"href":"https:\/\/hakimiyyet.info.az\/index.php?rest_route=\/wp\/v2\/users\/2"}],"replies":[{"embeddable":true,"href":"https:\/\/hakimiyyet.info.az\/index.php?rest_route=%2Fwp%2Fv2%2Fcomments&post=201077"}],"version-history":[{"count":1,"href":"https:\/\/hakimiyyet.info.az\/index.php?rest_route=\/wp\/v2\/posts\/201077\/revisions"}],"predecessor-version":[{"id":201079,"href":"https:\/\/hakimiyyet.info.az\/index.php?rest_route=\/wp\/v2\/posts\/201077\/revisions\/201079"}],"wp:featuredmedia":[{"embeddable":true,"href":"https:\/\/hakimiyyet.info.az\/index.php?rest_route=\/wp\/v2\/media\/201078"}],"wp:attachment":[{"href":"https:\/\/hakimiyyet.info.az\/index.php?rest_route=%2Fwp%2Fv2%2Fmedia&parent=201077"}],"wp:term":[{"taxonomy":"category","embeddable":true,"href":"https:\/\/hakimiyyet.info.az\/index.php?rest_route=%2Fwp%2Fv2%2Fcategories&post=201077"},{"taxonomy":"post_tag","embeddable":true,"href":"https:\/\/hakimiyyet.info.az\/index.php?rest_route=%2Fwp%2Fv2%2Ftags&post=201077"}],"curies":[{"name":"wp","href":"https:\/\/api.w.org\/{rel}","templated":true}]}}