{"id":201133,"date":"2026-08-28T20:58:46","date_gmt":"2026-08-28T16:58:46","guid":{"rendered":"https:\/\/hakimiyyet.info.az\/?p=201133"},"modified":"2026-08-28T20:58:47","modified_gmt":"2026-08-28T16:58:47","slug":"q%c9%99b%c9%99l%c9%99d%c9%99-ozunum%c9%99sgulluq-proqrami-uzr%c9%99-qurulmus-t%c9%99s%c9%99rrufatlara-gun%c9%99rzi-qaygi-v%c9%99-reabilitasiya-m%c9%99rk%c9%99zl%c9%99rin%c9%99-baxis-olub","status":"publish","type":"post","link":"https:\/\/hakimiyyet.info.az\/?p=201133","title":{"rendered":"Q\u0259b\u0259l\u0259d\u0259 \u00f6z\u00fcn\u00fcm\u0259\u015f\u011fulluq proqram\u0131 \u00fczr\u0259 qurulmu\u015f t\u0259s\u0259rr\u00fcfatlara, g\u00fcn\u0259rzi qay\u011f\u0131 v\u0259 reabilitasiya m\u0259rk\u0259zl\u0259rin\u0259 bax\u0131\u015f olub"},"content":{"rendered":"\n<p class=\"has-medium-font-size\"><strong><em>\u018fm\u0259k v\u0259 \u0259halinin sosial m\u00fcdafi\u0259si naziri Anar \u018fliyev v\u0259 Q\u0259b\u0259l\u0259 Rayon \u0130cra Hakimiyy\u0259tinin ba\u015f\u00e7\u0131s\u0131 S\u0259buhi Abdullayev \u00f6z\u00fcn\u00fcm\u0259\u015f\u011fulluq proqram\u0131 \u00e7\u0259r\u00e7iv\u0259sind\u0259 rayon sakinl\u0259ri \u015e\u0259hla \u00c7ingiz q\u0131z\u0131 Verdiyeva v\u0259 P\u0259ri D\u00fcnyamal\u0131 q\u0131z\u0131 R\u0259c\u0259bal\u0131yeva \u00fc\u00e7\u00fcn qurulmu\u015f ki\u00e7ik t\u0259s\u0259rr\u00fcfatlara bax\u0131\u015f ke\u00e7iribl\u0259r.<\/em><\/strong><\/p>\n\n\n\n<p>Bu bar\u0259d\u0259&nbsp;<a href=\"https:\/\/azertag.az\/\" target=\"_blank\" rel=\"noreferrer noopener\">AZ\u018fRTAC<\/a>-a \u018fm\u0259k v\u0259 \u018fhalinin Sosial M\u00fcdafi\u0259si Nazirliyinin m\u0259tbuat xidm\u0259tind\u0259n bildirilib.<\/p>\n\n\n\n<p>Qeyd olunub ki, \u00f6z\u00fcn\u00fcm\u0259\u015f\u011fulluq proqram\u0131n\u0131n d\u0259st\u0259yi il\u0259 aktivl\u0259r verilm\u0259kl\u0259 \u015e\u0259hla Verdiyeva \u00fc\u00e7\u00fcn qad\u0131n g\u00f6z\u0259llik salonu, P\u0259ri R\u0259c\u0259bal\u0131yeva \u00fc\u00e7\u00fcn is\u0259 un m\u0259mulatlar\u0131 istehsal\u0131 \u00fczr\u0259 ki\u00e7ik ail\u0259 biznesl\u0259ri qurulub. Onlar i\u015fsiz v\u0259 i\u015faxtaran \u015f\u0259xsl\u0259rin ki\u00e7ik biznes\u0259 \u00e7\u0131x\u0131\u015f\u0131na imkan yarad\u0131lmas\u0131na, \u00f6z t\u0259s\u0259rr\u00fcfatlar\u0131n\u0131 yaratmalar\u0131 \u00fc\u00e7\u00fcn g\u00f6st\u0259ril\u0259n d\u0259st\u0259y\u0259 g\u00f6r\u0259 Prezident \u0130lham \u018fliyev\u0259 minn\u0259tdarl\u0131qlar\u0131n\u0131 ifad\u0259 edibl\u0259r.<\/p>\n\n\n\n<p>\u00d6t\u0259n d\u00f6vrd\u0259 \u00f6z\u00fcn\u00fcm\u0259\u015f\u011fulluq proqram\u0131 \u00e7\u0259r\u00e7iv\u0259sind\u0259 Q\u0259b\u0259l\u0259 rayonunda 1950-d\u0259k \u015f\u0259xs \u00fc\u00e7\u00fcn t\u0259s\u0259rr\u00fcfatlar qurulub.<\/p>\n\n\n\n<p>Nazirliyin tabeliyind\u0259ki Sosial Xidm\u0259tl\u0259r Agentliyinin sifari\u015fi \u0259sas\u0131nda Q\u0259b\u0259l\u0259d\u0259 yarad\u0131lm\u0131\u015f g\u00fcn\u0259rzi qay\u011f\u0131 m\u0259rk\u0259zind\u0259 u\u015faqlara g\u00f6st\u0259ril\u0259n xidm\u0259tl\u0259r n\u0259z\u0259rd\u0259n ke\u00e7irilib. M\u0259rk\u0259zd\u0259 h\u0259ssas qruplara aid, o c\u00fcml\u0259d\u0259n \u0259lilliyi olan u\u015faqlar\u0131n psixososial reabilitasiyas\u0131, g\u00fcnd\u0259lik h\u0259yat v\u0259rdi\u015fl\u0259rin\u0259, ilkin yaz\u0131 v\u0259 oxuma bacar\u0131qlar\u0131na yiy\u0259l\u0259nm\u0259si \u00fc\u00e7\u00fcn i\u015fl\u0259r apar\u0131l\u0131r.<\/p>\n\n\n\n<p>Agentliyin Q\u0259b\u0259l\u0259 U\u015faq Reabilitasiya M\u0259rk\u0259zind\u0259 g\u00f6st\u0259ril\u0259n xidm\u0259tl\u0259r\u0259 d\u0259 bax\u0131\u015f ke\u00e7irilib. M\u00fc\u0259ssis\u0259d\u0259 \u0259lilliyi olan u\u015faqlara s\u0259m\u0259r\u0259li fizioterapevtik \u00fcsullar \u0259sas\u0131nda v\u0259 m\u00fcasir avadanl\u0131qlardan istifad\u0259 edilm\u0259kl\u0259 ambulator v\u0259 stasionar formada kompleks tibbi-sosial reabilitasiya xidm\u0259tl\u0259ri g\u00f6st\u0259rilir.<\/p>\n\n\n\n<figure class=\"wp-block-image size-full\"><img decoding=\"async\" loading=\"lazy\" width=\"944\" height=\"630\" src=\"https:\/\/hakimiyyet.info.az\/wp-content\/uploads\/2026\/08\/q\u0259b\u0259l\u0259-1-1.jpg\" alt=\"\" class=\"wp-image-201135\" srcset=\"https:\/\/hakimiyyet.info.az\/wp-content\/uploads\/2026\/08\/q\u0259b\u0259l\u0259-1-1.jpg 944w, https:\/\/hakimiyyet.info.az\/wp-content\/uploads\/2026\/08\/q\u0259b\u0259l\u0259-1-1-300x200.jpg 300w, https:\/\/hakimiyyet.info.az\/wp-content\/uploads\/2026\/08\/q\u0259b\u0259l\u0259-1-1-768x513.jpg 768w\" sizes=\"(max-width: 944px) 100vw, 944px\" \/><\/figure>\n\n\n\n<p><\/p>\n\n\n\n<figure class=\"wp-block-image size-full\"><img decoding=\"async\" loading=\"lazy\" width=\"945\" height=\"630\" src=\"https:\/\/hakimiyyet.info.az\/wp-content\/uploads\/2026\/08\/q\u0259b\u0259l\u0259-2-1.jpg\" alt=\"\" class=\"wp-image-201136\" srcset=\"https:\/\/hakimiyyet.info.az\/wp-content\/uploads\/2026\/08\/q\u0259b\u0259l\u0259-2-1.jpg 945w, https:\/\/hakimiyyet.info.az\/wp-content\/uploads\/2026\/08\/q\u0259b\u0259l\u0259-2-1-300x200.jpg 300w, https:\/\/hakimiyyet.info.az\/wp-content\/uploads\/2026\/08\/q\u0259b\u0259l\u0259-2-1-768x512.jpg 768w\" sizes=\"(max-width: 945px) 100vw, 945px\" \/><\/figure>\n","protected":false},"excerpt":{"rendered":"<p>\u018fm\u0259k v\u0259 \u0259halinin sosial m\u00fcdafi\u0259si naziri Anar \u018fliyev v\u0259 Q\u0259b\u0259l\u0259 Rayon \u0130cra Hakimiyy\u0259tinin ba\u015f\u00e7\u0131s\u0131 S\u0259buhi Abdullayev \u00f6z\u00fcn\u00fcm\u0259\u015f\u011fulluq proqram\u0131 \u00e7\u0259r\u00e7iv\u0259sind\u0259 rayon&hellip;<\/p>\n","protected":false},"author":2,"featured_media":201134,"comment_status":"closed","ping_status":"closed","sticky":false,"template":"","format":"standard","meta":{"om_disable_all_campaigns":false,"_monsterinsights_skip_tracking":false,"_uf_show_specific_survey":0,"_uf_disable_surveys":false,"footnotes":""},"categories":[23,47,2,5],"tags":[],"aioseo_notices":[],"_links":{"self":[{"href":"https:\/\/hakimiyyet.info.az\/index.php?rest_route=\/wp\/v2\/posts\/201133"}],"collection":[{"href":"https:\/\/hakimiyyet.info.az\/index.php?rest_route=\/wp\/v2\/posts"}],"about":[{"href":"https:\/\/hakimiyyet.info.az\/index.php?rest_route=\/wp\/v2\/types\/post"}],"author":[{"embeddable":true,"href":"https:\/\/hakimiyyet.info.az\/index.php?rest_route=\/wp\/v2\/users\/2"}],"replies":[{"embeddable":true,"href":"https:\/\/hakimiyyet.info.az\/index.php?rest_route=%2Fwp%2Fv2%2Fcomments&post=201133"}],"version-history":[{"count":1,"href":"https:\/\/hakimiyyet.info.az\/index.php?rest_route=\/wp\/v2\/posts\/201133\/revisions"}],"predecessor-version":[{"id":201137,"href":"https:\/\/hakimiyyet.info.az\/index.php?rest_route=\/wp\/v2\/posts\/201133\/revisions\/201137"}],"wp:featuredmedia":[{"embeddable":true,"href":"https:\/\/hakimiyyet.info.az\/index.php?rest_route=\/wp\/v2\/media\/201134"}],"wp:attachment":[{"href":"https:\/\/hakimiyyet.info.az\/index.php?rest_route=%2Fwp%2Fv2%2Fmedia&parent=201133"}],"wp:term":[{"taxonomy":"category","embeddable":true,"href":"https:\/\/hakimiyyet.info.az\/index.php?rest_route=%2Fwp%2Fv2%2Fcategories&post=201133"},{"taxonomy":"post_tag","embeddable":true,"href":"https:\/\/hakimiyyet.info.az\/index.php?rest_route=%2Fwp%2Fv2%2Ftags&post=201133"}],"curies":[{"name":"wp","href":"https:\/\/api.w.org\/{rel}","templated":true}]}}