{"id":201295,"date":"2026-08-29T09:07:34","date_gmt":"2026-08-29T05:07:34","guid":{"rendered":"https:\/\/hakimiyyet.info.az\/?p=201295"},"modified":"2026-08-29T09:07:35","modified_gmt":"2026-08-29T05:07:35","slug":"naxcivanda-avtomobil-piyadani-vurub","status":"publish","type":"post","link":"https:\/\/hakimiyyet.info.az\/?p=201295","title":{"rendered":"Nax\u00e7\u0131vanda avtomobil piyadan\u0131 vurub"},"content":{"rendered":"\n<p class=\"has-medium-font-size\"><strong><em>Nax\u00e7\u0131van \u015f\u0259h\u0259rind\u0259 yol-n\u0259qliyyat hadis\u0259si ba\u015f verib.<\/em><\/strong><\/p>\n\n\n\n<p><a href=\"https:\/\/azertag.az\/\" target=\"_blank\" rel=\"noreferrer noopener\">AZ\u018fRTAC<\/a>-\u0131n b\u00f6lg\u0259 m\u00fcxbiri x\u0259b\u0259r verir ki, hadis\u0259 \u015f\u0259h\u0259rin \u018fziz \u018fliyev prospektind\u0259 qeyd\u0259 al\u0131n\u0131b.<\/p>\n\n\n\n<p>Avtomobil yolda qar\u015f\u0131 t\u0259r\u0259f\u0259 ke\u00e7\u0259n Nax\u00e7\u0131van \u015f\u0259h\u0259r sakini, 1985-ci il t\u0259v\u0259ll\u00fcdl\u00fc Lo\u011fman Q\u0259l\u0259nd\u0259r o\u011flu Quliyevi vurub. O, Nax\u00e7\u0131van Muxtar Respublika X\u0259st\u0259xanas\u0131na yerl\u0259\u015fdirilib, v\u0259ziyy\u0259ti a\u011f\u0131rd\u0131r.<\/p>\n\n\n\n<p>Hadis\u0259 yerin\u0259 polis \u0259m\u0259kda\u015flar\u0131 c\u0259lb olunub, faktla ba\u011fl\u0131 ara\u015fd\u0131rma apar\u0131l\u0131r.<\/p>\n","protected":false},"excerpt":{"rendered":"<p>Nax\u00e7\u0131van \u015f\u0259h\u0259rind\u0259 yol-n\u0259qliyyat hadis\u0259si ba\u015f verib. AZ\u018fRTAC-\u0131n b\u00f6lg\u0259 m\u00fcxbiri x\u0259b\u0259r verir ki, hadis\u0259 \u015f\u0259h\u0259rin \u018fziz \u018fliyev prospektind\u0259 qeyd\u0259 al\u0131n\u0131b. Avtomobil&hellip;<\/p>\n","protected":false},"author":2,"featured_media":201296,"comment_status":"closed","ping_status":"closed","sticky":false,"template":"","format":"standard","meta":{"om_disable_all_campaigns":false,"_monsterinsights_skip_tracking":false,"_uf_show_specific_survey":0,"_uf_disable_surveys":false,"footnotes":""},"categories":[23,38,2,5],"tags":[],"aioseo_notices":[],"_links":{"self":[{"href":"https:\/\/hakimiyyet.info.az\/index.php?rest_route=\/wp\/v2\/posts\/201295"}],"collection":[{"href":"https:\/\/hakimiyyet.info.az\/index.php?rest_route=\/wp\/v2\/posts"}],"about":[{"href":"https:\/\/hakimiyyet.info.az\/index.php?rest_route=\/wp\/v2\/types\/post"}],"author":[{"embeddable":true,"href":"https:\/\/hakimiyyet.info.az\/index.php?rest_route=\/wp\/v2\/users\/2"}],"replies":[{"embeddable":true,"href":"https:\/\/hakimiyyet.info.az\/index.php?rest_route=%2Fwp%2Fv2%2Fcomments&post=201295"}],"version-history":[{"count":1,"href":"https:\/\/hakimiyyet.info.az\/index.php?rest_route=\/wp\/v2\/posts\/201295\/revisions"}],"predecessor-version":[{"id":201297,"href":"https:\/\/hakimiyyet.info.az\/index.php?rest_route=\/wp\/v2\/posts\/201295\/revisions\/201297"}],"wp:featuredmedia":[{"embeddable":true,"href":"https:\/\/hakimiyyet.info.az\/index.php?rest_route=\/wp\/v2\/media\/201296"}],"wp:attachment":[{"href":"https:\/\/hakimiyyet.info.az\/index.php?rest_route=%2Fwp%2Fv2%2Fmedia&parent=201295"}],"wp:term":[{"taxonomy":"category","embeddable":true,"href":"https:\/\/hakimiyyet.info.az\/index.php?rest_route=%2Fwp%2Fv2%2Fcategories&post=201295"},{"taxonomy":"post_tag","embeddable":true,"href":"https:\/\/hakimiyyet.info.az\/index.php?rest_route=%2Fwp%2Fv2%2Ftags&post=201295"}],"curies":[{"name":"wp","href":"https:\/\/api.w.org\/{rel}","templated":true}]}}