{"id":201345,"date":"2026-08-29T18:36:46","date_gmt":"2026-08-29T14:36:46","guid":{"rendered":"https:\/\/hakimiyyet.info.az\/?p=201345"},"modified":"2026-08-29T18:36:48","modified_gmt":"2026-08-29T14:36:48","slug":"naxcivanda-turkiy%c9%99nin-z%c9%99f%c9%99r-bayrami-qeyd-olunub","status":"publish","type":"post","link":"https:\/\/hakimiyyet.info.az\/?p=201345","title":{"rendered":"Nax\u00e7\u0131vanda T\u00fcrkiy\u0259nin Z\u0259f\u0259r bayram\u0131 qeyd olunub"},"content":{"rendered":"\n<p class=\"has-medium-font-size\"><strong><em>Avqustun 28-d\u0259 T\u00fcrkiy\u0259nin Z\u0259f\u0259r bayram\u0131 v\u0259 Silahl\u0131 Q\u00fcvv\u0259l\u0259ri G\u00fcn\u00fc m\u00fcnasib\u0259til\u0259 Nax\u00e7\u0131van \u015f\u0259h\u0259rind\u0259 t\u0259dbir ke\u00e7irilib.<\/em><\/strong><\/p>\n\n\n\n<p><a href=\"https:\/\/azertag.az\/\" target=\"_blank\" rel=\"noreferrer noopener\">AZ\u018fRTAC<\/a>-\u0131n b\u00f6lg\u0259 m\u00fcxbiri x\u0259b\u0259r verir ki, \u0259vv\u0259lc\u0259 Az\u0259rbaycan v\u0259 T\u00fcrkiy\u0259nin m\u00fcst\u0259qilliyi v\u0259 \u0259razi b\u00fct\u00f6vl\u00fcy\u00fc u\u011frunda can\u0131ndan ke\u00e7mi\u015f \u015f\u0259hidl\u0259rin xatir\u0259si bir d\u0259qiq\u0259lik s\u00fckutla yad edilib, h\u0259r iki \u00f6lk\u0259nin D\u00f6vl\u0259t himnl\u0259ri s\u0259sl\u0259ndirilib.<\/p>\n\n\n\n<p>T\u00fcrkiy\u0259nin Nax\u00e7\u0131vandak\u0131 ba\u015f konsulu Asip Kaya \u00e7\u0131x\u0131\u015f\u0131nda 30 avqust \u2013 Z\u0259f\u0259r bayram\u0131n\u0131n tarixi \u0259h\u0259miyy\u0259tind\u0259n dan\u0131\u015f\u0131b, Az\u0259rbaycan-T\u00fcrkiy\u0259 m\u00fcnasib\u0259tl\u0259rinin sars\u0131lmaz qarda\u015fl\u0131q ba\u011flar\u0131 \u00fcz\u0259rind\u0259 quruldu\u011funu vur\u011fulay\u0131b. Bildirilib ki, Az\u0259rbaycan xalq\u0131 T\u00fcrkiy\u0259nin \u0130stiqlal m\u00fcbariz\u0259si d\u00f6vr\u00fcnd\u0259 d\u0259 qarda\u015f \u00f6lk\u0259nin yan\u0131nda olub. Tarixin s\u0131naqlar\u0131ndan ke\u00e7\u0259n bu m\u00fcnasib\u0259tl\u0259r bu g\u00fcn strateji t\u0259r\u0259fda\u015fl\u0131q v\u0259 m\u00fctt\u0259fiqlik s\u0259viyy\u0259sind\u0259 u\u011furla inki\u015faf edir.<\/p>\n\n\n\n<p>Nax\u00e7\u0131van Muxtar Respublikas\u0131nda Az\u0259rbaycan Respublikas\u0131 Prezidentinin s\u0259lahiyy\u0259tli n\u00fcmay\u0259nd\u0259si Ceyhun C\u0259lilov T\u00fcrkiy\u0259 xalq\u0131n\u0131 Z\u0259f\u0259r bayram\u0131 v\u0259 Silahl\u0131 Q\u00fcvv\u0259l\u0259r G\u00fcn\u00fc m\u00fcnasib\u0259til\u0259 t\u0259brik edib.<\/p>\n\n\n\n<p>Ceyhun C\u0259lilov Z\u0259f\u0259r bayram\u0131n\u0131n t\u00fcrk xalq\u0131n\u0131n azadl\u0131q v\u0259 istiqlal m\u00fcbariz\u0259sinin \u015fanl\u0131 s\u0259hif\u0259l\u0259rind\u0259n biri oldu\u011funu bildirib. Qeyd edib ki, 1922-ci ild\u0259 Qazi Mustafa Kamal Atat\u00fcrk\u00fcn r\u0259hb\u0259rliyi il\u0259 qazan\u0131lan B\u00f6y\u00fck Z\u0259f\u0259r T\u00fcrkiy\u0259nin istiqlal m\u00fcbariz\u0259sind\u0259 h\u0259lledici m\u0259rh\u0259l\u0259 olub v\u0259 m\u00fcasir T\u00fcrkiy\u0259 d\u00f6vl\u0259tinin qurulmas\u0131na ged\u0259n yolu a\u00e7\u0131b.<\/p>\n\n\n\n<p>\u00c7\u0131x\u0131\u015fda Az\u0259rbaycan-T\u00fcrkiy\u0259 m\u00fcnasib\u0259tl\u0259rinin ortaq tarix, dil, m\u0259d\u0259niyy\u0259t v\u0259 milli-m\u0259n\u0259vi d\u0259y\u0259rl\u0259r\u0259 \u0259sasland\u0131\u011f\u0131 vur\u011fulan\u0131b. Az\u0259rbaycan Prezidenti \u0130lham \u018fliyev v\u0259 T\u00fcrkiy\u0259 Prezidenti R\u0259c\u0259b Tayyib \u018frdo\u011fan\u0131n siyasi irad\u0259si n\u0259tic\u0259sind\u0259 \u0259laq\u0259l\u0259rin strateji m\u00fctt\u0259fiqlik s\u0259viyy\u0259sin\u0259 y\u00fcks\u0259ldiyi, 2021-ci ild\u0259 imzalanm\u0131\u015f \u015eu\u015fa B\u0259yannam\u0259si il\u0259 m\u00fcnasib\u0259tl\u0259rin yeni siyasi v\u0259 h\u00fcquqi m\u0259zmun qazand\u0131\u011f\u0131 diqq\u0259t\u0259 \u00e7atd\u0131r\u0131l\u0131b. 44 g\u00fcnl\u00fck V\u0259t\u0259n m\u00fcharib\u0259si zaman\u0131 T\u00fcrkiy\u0259nin Az\u0259rbaycana g\u00f6st\u0259rdiyi q\u0259tiyy\u0259tli siyasi, m\u0259n\u0259vi v\u0259 diplomatik d\u0259st\u0259yin qarda\u015fl\u0131\u011f\u0131n sars\u0131lmazl\u0131\u011f\u0131n\u0131 bir daha n\u00fcmayi\u015f etdirdiyi bildirilib. H\u0259m\u00e7inin Az\u0259rbaycan\u0131n 8 Noyabr \u2013 Z\u0259f\u0259r G\u00fcn\u00fc il\u0259 T\u00fcrkiy\u0259nin 30 avqust \u2013 Z\u0259f\u0259r bayram\u0131n\u0131n mahiyy\u0259tind\u0259 milli birlik, V\u0259t\u0259n sevgisi v\u0259 haqq u\u011frunda m\u00fcbariz\u0259 \u0259zminin dayand\u0131\u011f\u0131 qeyd olunub.<\/p>\n\n\n\n<p>Nax\u00e7\u0131van\u0131n Az\u0259rbaycan-T\u00fcrkiy\u0259 qarda\u015fl\u0131\u011f\u0131n\u0131n tarix\u0259n formala\u015fm\u0131\u015f m\u00fch\u00fcm k\u00f6rp\u00fcl\u0259rind\u0259n biri oldu\u011fu vur\u011fulan\u0131b, Nax\u00e7\u0131vanla T\u00fcrkiy\u0259 aras\u0131nda m\u00fcxt\u0259lif sah\u0259l\u0259rd\u0259 \u0259laq\u0259l\u0259rin daha da inki\u015faf etdirilm\u0259sinin \u0259h\u0259miyy\u0259ti qeyd olunub.<\/p>\n\n\n\n<p>Sonda T\u00fcrkiy\u0259 xalq\u0131na m\u00f6hk\u0259m cansa\u011fl\u0131\u011f\u0131, firavanl\u0131q v\u0259 yeni z\u0259f\u0259rl\u0259r, Az\u0259rbaycan v\u0259 T\u00fcrkiy\u0259 xalqlar\u0131na s\u00fclh, \u0259min-amanl\u0131q v\u0259 rifah arzulan\u0131b.<\/p>\n\n\n\n<p>T\u0259dbir r\u0259smi ziyaf\u0259tl\u0259 davam edib.<\/p>\n\n\n\n<figure class=\"wp-block-image size-full\"><img decoding=\"async\" loading=\"lazy\" width=\"980\" height=\"630\" src=\"https:\/\/hakimiyyet.info.az\/wp-content\/uploads\/2026\/08\/naxcivan-1-1.jpg\" alt=\"\" class=\"wp-image-201347\" srcset=\"https:\/\/hakimiyyet.info.az\/wp-content\/uploads\/2026\/08\/naxcivan-1-1.jpg 980w, https:\/\/hakimiyyet.info.az\/wp-content\/uploads\/2026\/08\/naxcivan-1-1-300x193.jpg 300w, https:\/\/hakimiyyet.info.az\/wp-content\/uploads\/2026\/08\/naxcivan-1-1-768x494.jpg 768w\" sizes=\"(max-width: 980px) 100vw, 980px\" \/><\/figure>\n","protected":false},"excerpt":{"rendered":"<p>Avqustun 28-d\u0259 T\u00fcrkiy\u0259nin Z\u0259f\u0259r bayram\u0131 v\u0259 Silahl\u0131 Q\u00fcvv\u0259l\u0259ri G\u00fcn\u00fc m\u00fcnasib\u0259til\u0259 Nax\u00e7\u0131van \u015f\u0259h\u0259rind\u0259 t\u0259dbir ke\u00e7irilib. AZ\u018fRTAC-\u0131n b\u00f6lg\u0259 m\u00fcxbiri x\u0259b\u0259r verir ki,&hellip;<\/p>\n","protected":false},"author":2,"featured_media":201346,"comment_status":"closed","ping_status":"closed","sticky":false,"template":"","format":"standard","meta":{"om_disable_all_campaigns":false,"_monsterinsights_skip_tracking":false,"_uf_show_specific_survey":0,"_uf_disable_surveys":false,"footnotes":""},"categories":[23,47,2,5],"tags":[],"aioseo_notices":[],"_links":{"self":[{"href":"https:\/\/hakimiyyet.info.az\/index.php?rest_route=\/wp\/v2\/posts\/201345"}],"collection":[{"href":"https:\/\/hakimiyyet.info.az\/index.php?rest_route=\/wp\/v2\/posts"}],"about":[{"href":"https:\/\/hakimiyyet.info.az\/index.php?rest_route=\/wp\/v2\/types\/post"}],"author":[{"embeddable":true,"href":"https:\/\/hakimiyyet.info.az\/index.php?rest_route=\/wp\/v2\/users\/2"}],"replies":[{"embeddable":true,"href":"https:\/\/hakimiyyet.info.az\/index.php?rest_route=%2Fwp%2Fv2%2Fcomments&post=201345"}],"version-history":[{"count":1,"href":"https:\/\/hakimiyyet.info.az\/index.php?rest_route=\/wp\/v2\/posts\/201345\/revisions"}],"predecessor-version":[{"id":201348,"href":"https:\/\/hakimiyyet.info.az\/index.php?rest_route=\/wp\/v2\/posts\/201345\/revisions\/201348"}],"wp:featuredmedia":[{"embeddable":true,"href":"https:\/\/hakimiyyet.info.az\/index.php?rest_route=\/wp\/v2\/media\/201346"}],"wp:attachment":[{"href":"https:\/\/hakimiyyet.info.az\/index.php?rest_route=%2Fwp%2Fv2%2Fmedia&parent=201345"}],"wp:term":[{"taxonomy":"category","embeddable":true,"href":"https:\/\/hakimiyyet.info.az\/index.php?rest_route=%2Fwp%2Fv2%2Fcategories&post=201345"},{"taxonomy":"post_tag","embeddable":true,"href":"https:\/\/hakimiyyet.info.az\/index.php?rest_route=%2Fwp%2Fv2%2Ftags&post=201345"}],"curies":[{"name":"wp","href":"https:\/\/api.w.org\/{rel}","templated":true}]}}